{"id":761,"date":"2023-08-23T10:11:12","date_gmt":"2023-08-23T10:11:12","guid":{"rendered":"https:\/\/vilagjegy.hu\/?p=761"},"modified":"2023-08-23T10:11:12","modified_gmt":"2023-08-23T10:11:12","slug":"2-nap-passau-munchen-kufstein-innsbruck","status":"publish","type":"post","link":"https:\/\/vilagjegy.hu\/?p=761","title":{"rendered":"2. nap \u2013 Passau- M\u00fcnchen \u2013 Kufstein &#8211; Innsbruck"},"content":{"rendered":"\n<p>2023.03.31.<\/p>\n\n\n\n<p>Passaub\u00f3l viszonylag kor\u00e1n indultunk tov\u00e1bb M\u00fcnchenbe. Vett\u00fcnk k\u00e1v\u00e9t \u00e9s reggelit, majd 7.26-kor el is indult a vonatunk. Kicsit tartottunk az indul\u00e1s el\u0151tti napokban a n\u00e9met vasutassztr\u00e1jkokt\u00f3l, de semmi nyoma nem volt m\u00e1r ottj\u00e1rtunkkor. Pontosan indulnak \u00e9s nem k\u00e9snek. A n\u00e9met, pontosabban bajor emberek kedvess\u00e9ge pedig a vonaton is \u00e9rezhet\u0151 volt. A mosolyg\u00f3s, csacs\u00f3g\u00f3s kalauz b\u00e1csik szem\u00e9ly\u00e9ben. T\u00e9nyleg j\u00f3fejek.<\/p>\n\n\n\n<p>M\u00fcnchenre \u00f6sszesen 4 \u00f3r\u00e1t sz\u00e1ntunk, csak n\u00e9h\u00e1ny f\u0151bb l\u00e1tnival\u00f3, s\u00f6r\u00f6zni, olimpiai eml\u00e9khelyet, stadiont, m\u00fazeumot l\u00e1togatni itt sem fogunk. A batyuinkat a f\u0151p\u00e1lyaudvar csomagmeg\u0151rz\u0151j\u00e9ben helyezt\u00fck el \u00e9s nyakunkba vett\u00fck a v\u00e1rost. M\u00fcnchent\u0151l sokat nem v\u00e1rt egyik\u00fcnk sem. \u00c9n azt gondoltam, hogy egy szok\u00e1sos nagyv\u00e1ros, modern \u00e9p\u00fcletekkel, Henriknek is hasonl\u00f3 volt az elk\u00e9pzel\u00e9se, hiszen el\u00e9gg\u00e9 sz\u00e9tbomb\u00e1zt\u00e1k a II. vil\u00e1gh\u00e1bor\u00faban.&nbsp;<\/p>\n\n\n\n<p>Kellemes meglepet\u00e9s volt. Ugyan nem az a t\u00fcchtig tiszta v\u00e1ros, de koszosnak sem mondan\u00e1m. Vessz\u0151parip\u00e1m b\u00e1rmerre j\u00e1runk a \u201ckuka \u00e1llom\u00e1ny\u201d, nagyon zavar, hogy az emberek szemetelnek, de az kimondottan bosszant, ha annak se ad es\u00e9lyt egy-egy orsz\u00e1g\/telep\u00fcl\u00e9s, hogy legal\u00e1bb a kuk\u00e1ba dobhassa a teremt\u00e9s koron\u00e1ja a szemet\u00e9t. Na M\u00fcnchenben 5-6 m\u00e9terenk\u00e9nt van erre lehet\u0151s\u00e9g, \u00e9s kell is, mert mire belemer\u00fclt\u00fcnk a v\u00e1rosn\u00e9z\u00e9sbe, egyre nagyobb t\u00f6meg kezdte ellepni a belv\u00e1rost. A f\u0151t\u00e9r a pr\u00e1gai \u00f3v\u00e1ros t\u00e9r tel\u00edtetts\u00e9g\u00e9vel vetekedett m\u00e1r d\u00e9l k\u00f6r\u00fcl.&nbsp;<\/p>\n\n\n\n<p>Bajororsz\u00e1g f\u0151v\u00e1rosa egy ny\u00fczsg\u0151 nagyv\u00e1ros, ahol sz\u00e9pen megmaradtak (\u00fajj\u00e1\u00e9p\u00edtett\u00e9k?) az \u00f3v\u00e1ros \u00e9p\u00fcletei, hangulatos s\u00e9t\u00e1nyai, utc\u00e1csk\u00e1i, parkjai vannak. Biztos vagyok benne, hogy a mi v\u00e9g\u00fcl 3 \u00f3r\u00e1nkn\u00e1l t\u00f6bbet is el lehet ott t\u00f6lteni, de nek\u00fcnk ennyi el\u00e9g volt ahhoz, hogy elkapjuk az ottani \u00e9rz\u00e9st. Tal\u00e1n felsz\u00ednesnek \u00e9s fut\u00f3szalagon termel\u0151snek t\u0171nhet, ahogy gy\u0171jtj\u00fck a megl\u00e1togatott telep\u00fcl\u00e9seket, de ahhoz, hogy elkapjon az adott hely hangulata, hogy re\u00e1lis benyom\u00e1sokat szerezz\u00fcnk az ottani l\u00e9tr\u0151l \u00e9s megn\u00e9zz\u00fck a f\u0151bb l\u00e1tnival\u00f3kat vagy ak\u00e1r a rejtett kincseket is, hissz\u00fck, hogy legt\u00f6bbsz\u00f6r el\u00e9g n\u00e9h\u00e1ny \u00f3ra is. Ahova \u00e9rdemes, oda t\u00f6bb id\u0151t sz\u00e1nunk, vagy visszat\u00e9r\u00fcnk m\u00e9g, vagy csak egym\u00e1snak mutogatjuk a kor\u00e1bbi eml\u00e9keket. Szerencs\u00e9re m\u00e1r biztos meg\u00e9rz\u00e9sekkel \u00e9s kell\u0151 tapasztalattal rendelkez\u00fcnk ezen t\u00e9ren.&nbsp;<\/p>\n\n\n\n<p>Az utunk k\u00f6vetkez\u0151 \u00e9s a m\u00e1sodik napunk v\u00e9g\u00e1llom\u00e1sa Innsbruck volt. Mivel felszabadult egy \u00f3r\u00e1nk, \u00fagy d\u00f6nt\u00f6tt\u00fcnk el\u0151tte megn\u00e9zz\u00fcnk Kufsteint, amit m\u00e1r kor\u00e1bban is szerett\u00fcnk volna l\u00e1tni. A v\u00e1ra el\u00e9g l\u00e1tv\u00e1nyos, \u00e9s nem t\u00fal vid\u00e1m magyar vonatkoz\u00e1sa is van, ugyanis sok magyar politikai foglyot \u0151riztek az itteni v\u00e1rb\u00f6rt\u00f6nben. Nem tartunk t\u00f6rt\u00e9nelem \u00f3r\u00e1t, \u00e9s a teljess\u00e9g ig\u00e9nye n\u00e9lk\u00fcl: Wessel\u00e9nyi, Bats\u00e1nyi, Kazinczy, Teleki Blanka, a magyar \u00e1llam eml\u00e9kki\u00e1ll\u00edt\u00e1st is l\u00e9trehozott a v\u00e1rban, amit bizony\u00e1ra \u00e9rdemes megn\u00e9zni. A mi id\u0151nkbe csak a v\u00e1r l\u00e1tk\u00e9pe \u00e9s egy v\u00e1rosi s\u00e9ta f\u00e9rt bele a h\u00e1tizs\u00e1kokkal (term\u00e9szetesen szakad\u00f3 es\u0151ben). B\u00e1jos kis telep\u00fcl\u00e9s, nagyon sz\u00e9p \u00e9p\u00fcletekkel, a v\u00e1r k\u00edv\u00fclr\u0151l is leny\u0171g\u00f6z\u0151.<\/p>\n\n\n\n<p>Innsbruckba szint\u00e9n szakad\u00f3 es\u0151ben \u00e9rkezt\u00fcnk, ami az\u00e9rt is volt kellemetlen, mert siker\u00fclt az \u00e1llom\u00e1st\u00f3l 2,2 km-re foglalnom sz\u00e1ll\u00e1st, tudat\u00e1ban voltam ennek a foglal\u00e1skor, sajnos a belv\u00e1rosban&nbsp; H\u00e1tizs\u00e1kkal nem annyira komfortos, helyi j\u00e1ratos busz nem indult \u00e9ppen akkor, taxira meg nem k\u00f6lt\u00fcnk. A k\u00f6lts\u00e9gvet\u00e9s\u00fcnket igyeksz\u00fcnk szigor\u00faan tartani, van benne lauf, de azt ink\u00e1bb egy\u00e9b luxusterm\u00e9kekre szeretn\u00e9nk ford\u00edtani.&nbsp;<\/p>\n\n\n\n<p>A sz\u00e1ll\u00e1s itt is rendben volt, ez is kicsit dr\u00e1ga, de a belv\u00e1roshoz k\u00e9pest m\u00e9g mindig az olcs\u00f3bbak k\u00f6z\u00e9 tartozik. Cuki \u00e9s seg\u00edt\u0151k\u00e9sz recepci\u00f3s l\u00e1nnyal \u00e9s \u00e1ll\u00edt\u00f3lag valami isteni reggelivel, amib\u0151l sajnos kimaradtunk, ugyanis reggel 6kor fel kellett m\u00e1lh\u00e1zni magunkat, a reggeli pedig 7.30-t\u00f3l volt.<\/p>\n\n\n\n<p>Na de Innsbruck! Nagyon meg\u00e9rte itt meg\u00e1llni, mesev\u00e1ros. Havas hegyekkel k\u00f6r\u00fcl\u00f6lelt \u00e9kszerdoboz (de ut\u00e1lom ezt a k\u00f6zhelyes jelz\u0151t, tal\u00e1n az utaz\u00e1s v\u00e9g\u00e9re kital\u00e1lok valami jobbat). A belv\u00e1rost villa\u00e9p\u00fcletek veszik k\u00f6r\u00fcl, \u00e9s \u00fagy t\u0171nik j\u00f3l szervezett k\u00f6zleked\u00e9si \u00e9s \u00fath\u00e1l\u00f3zattal rendelkezik ez a v\u00e1ros is. Jah igen! Vajon mi\u00e9rt nincsenek itt se dug\u00f3k? T\u00f6k fura, de se itt, se pl Passauban nem l\u00e1ttuk, hogy araszolgatn\u00e1nak az aut\u00f3k.<\/p>\n\n\n\n<p>A belv\u00e1rosi r\u00e9sz pedig \u00f3don \u00e9p\u00fcletekkel, kanyarg\u00f3s utc\u00e1kkal, kisz\u00e9lesed\u0151 terekkel \u00e9s sz\u00e9p boltokkal, vend\u00e9gl\u00e1t\u00f3helyekkel b\u00edr, olykor olyan sz\u00e9p, hogy n\u00e1lam m\u00e1r j\u00f6tt a libab\u0151r &#x263a; el\u00e9rz\u00e9keny\u00fclni eddig csak olyan helyeken szoktam, amire m\u00e1r nagyon r\u00e9g\u00f3ta v\u00e1gytam, hogy eljussak \ud83d\ude00<\/p>\n\n\n\n<p>Este szinte el\u00e1jultuk. Mindkett\u0151nknek f\u00e1jt mindene. 15 km es\u0151ben, naps\u00fct\u00e9sben \u00e9s a fel\u00e9t a m\u00e1lh\u00e1s h\u00e1tizs\u00e1kainkkal tett\u00fck meg.<\/p>\n\n\n\n<p>Napi teljes\u00edtm\u00e9ny:<\/p>\n\n\n\n<p>vonattal megtett \u00fat: 356 km<\/p>\n\n\n\n<p>gyalog megtett \u00fat:&nbsp;&nbsp;&nbsp;&nbsp;&nbsp; 16,6 km<\/p>\n","protected":false},"excerpt":{"rendered":"<p>2023.03.31. Passaub\u00f3l viszonylag kor\u00e1n indultunk tov\u00e1bb M\u00fcnchenbe. Vett\u00fcnk k\u00e1v\u00e9t \u00e9s reggelit, majd 7.26-kor el is indult a vonatunk. Kicsit tartottunk az indul\u00e1s el\u0151tti napokban a n\u00e9met vasutassztr\u00e1jkokt\u00f3l, de semmi nyoma nem volt m\u00e1r ottj\u00e1rtunkkor. Pontosan indulnak \u00e9s nem k\u00e9snek. A n\u00e9met, pontosabban bajor emberek kedvess\u00e9ge pedig a vonaton is \u00e9rezhet\u0151 volt. A mosolyg\u00f3s, csacs\u00f3g\u00f3s kalauz [&hellip;]<\/p>\n","protected":false},"author":1,"featured_media":0,"comment_status":"open","ping_status":"open","sticky":false,"template":"","format":"standard","meta":{"footnotes":""},"categories":[1],"tags":[],"class_list":["post-761","post","type-post","status-publish","format-standard","hentry","category-uncategorized"],"_links":{"self":[{"href":"https:\/\/vilagjegy.hu\/index.php?rest_route=\/wp\/v2\/posts\/761","targetHints":{"allow":["GET"]}}],"collection":[{"href":"https:\/\/vilagjegy.hu\/index.php?rest_route=\/wp\/v2\/posts"}],"about":[{"href":"https:\/\/vilagjegy.hu\/index.php?rest_route=\/wp\/v2\/types\/post"}],"author":[{"embeddable":true,"href":"https:\/\/vilagjegy.hu\/index.php?rest_route=\/wp\/v2\/users\/1"}],"replies":[{"embeddable":true,"href":"https:\/\/vilagjegy.hu\/index.php?rest_route=%2Fwp%2Fv2%2Fcomments&post=761"}],"version-history":[{"count":1,"href":"https:\/\/vilagjegy.hu\/index.php?rest_route=\/wp\/v2\/posts\/761\/revisions"}],"predecessor-version":[{"id":762,"href":"https:\/\/vilagjegy.hu\/index.php?rest_route=\/wp\/v2\/posts\/761\/revisions\/762"}],"wp:attachment":[{"href":"https:\/\/vilagjegy.hu\/index.php?rest_route=%2Fwp%2Fv2%2Fmedia&parent=761"}],"wp:term":[{"taxonomy":"category","embeddable":true,"href":"https:\/\/vilagjegy.hu\/index.php?rest_route=%2Fwp%2Fv2%2Fcategories&post=761"},{"taxonomy":"post_tag","embeddable":true,"href":"https:\/\/vilagjegy.hu\/index.php?rest_route=%2Fwp%2Fv2%2Ftags&post=761"}],"curies":[{"name":"wp","href":"https:\/\/api.w.org\/{rel}","templated":true}]}}