{"id":763,"date":"2023-08-23T10:12:23","date_gmt":"2023-08-23T10:12:23","guid":{"rendered":"https:\/\/vilagjegy.hu\/?p=763"},"modified":"2023-08-23T10:12:23","modified_gmt":"2023-08-23T10:12:23","slug":"3-nap-innsbruck-brenner-hago-bolzano-verona-peschiera-del-garda","status":"publish","type":"post","link":"https:\/\/vilagjegy.hu\/?p=763","title":{"rendered":"3. nap \u2013 Innsbruck \u2013 Brenner-h\u00e1g\u00f3 \u2013 Bolzano &#8211; Verona\u00a0 &#8211; Peschiera del Garda"},"content":{"rendered":"\n<p>2023.04.01.<\/p>\n\n\n\n<p>Hajnali 6.49-kor indultunk Innsbruckb\u00f3l tov\u00e1bb, \u00e9s tekintve hogy f\u00e9l \u00f3r\u00e1s s\u00e9t\u00e1ra volt a vas\u00fat\u00e1llom\u00e1s, \u00edgy nagyon korai kel\u00e9s volt. K\u00e1v\u00e9 sem volt igaz\u00e1n, reggeli ugyeb\u00e1r csak 7.30-t\u00f3l. A szob\u00e1ba volt bek\u00e9sz\u00edtve valami cappuccino por, azzal \u00e1ltattuk magunkat, azt\u00e1n az \u00e1llom\u00e1son szerezt\u00fcnk k\u00e1v\u00e9t.<\/p>\n\n\n\n<p>Brennero-Brennerbe, azaz az osztr\u00e1k-olasz hat\u00e1rra pontosan \u00e9rkezt\u00fcnk, h\u00f3sz\u00e1lling\u00f3z\u00e1sban. Ott \u00e1t kell sz\u00e1llni m\u00e1sik vonatra, \u00e9s eredetileg azt tervezt\u00fck, hogy elt\u00f6lt\u00fcnk itt egy \u00f3r\u00e1t, de k\u00f6r\u00fcln\u00e9zt\u00fcnk \u00e9s igaz\u00e1n pici telep\u00fcl\u00e9s, a k\u00f6zelben egy hatalmas shopping center, ami nyilv\u00e1n 9 el\u0151tt nem nyit ki, \u00edgy \u00e1t is sz\u00e1lltunk a k\u00f6vetkez\u0151 vonatra \u00e9s elindultunk Bolzano fel\u00e9. Az olasz kalauz megn\u00e9zte a QR k\u00f3domat, majd \u00fagy megijedt, hogy valamit adminisztr\u00e1lnia kell, hogy soha t\u00f6bb\u00e9 nem j\u00f6tt vissza \ud83d\ude00<\/p>\n\n\n\n<p>Bolzanoban m\u00e1r tavasz v\u00e1rt minket, \u00e9s egy \u00e9bredez\u0151, tiszta, rendezett v\u00e1roska. Bolzano D\u00e9l-Tirol sz\u00e9khelye egyben az utols\u00f3 n\u00e9met nyelv\u0171 olasz telep\u00fcl\u00e9s a r\u00e9gi\u00f3ban. \u00c9s val\u00f3ban nagyon b\u00e1jos. Hangulatos belv\u00e1rosa van, sz\u00e9p \u00e9p\u00fcletei, kanyarg\u00f3s utc\u00e1csk\u00e1i terekbe sz\u00e9lesednek, gy\u00f6ny\u00f6r\u0171 z\u00f6ld foly\u00f3partja, \u00e9s hegyek veszik k\u00f6r\u00fcl. Reggelizt\u00fcnk egyet a naps\u00fct\u00e9sben, s\u00e9t\u00e1ltunk nagyot a v\u00e1rosban a m\u00e1lh\u00e1inkkal, megn\u00e9zt\u00fck a helyi bolhapiacot is, k\u00e9t \u00e9s f\u00e9l \u00f3r\u00e1t t\u00f6lt\u00f6tt\u00fcnk itt \u00e9s indultunk tov\u00e1bb Veron\u00e1ba. Azaz volna, t\u00f6lt\u00f6tt\u00fcnk volna \u00e9s indultunk volna, mert az olasz vonatk\u00f6zleked\u00e9s gy\u00f6ny\u00f6reit m\u00e1r itt megkaptuk. A kiszemelt j\u00e1rm\u0171v\u00fcnk mell\u00e9 a kijelz\u0151n m\u00e1r 45 perces k\u00e9s\u00e9s volt ki\u00edrva, amikor a p\u00e1lyaudvarra \u00e9rt\u00fcnk \u00e9s kicsit kor\u00e1bban is az indul\u00e1shoz k\u00e9pest, mert erre a j\u00e1ratra kieg\u00e9sz\u00edt\u0151 jegyet kellett venn\u00fcnk \u00e9s az online oldaluk nem m\u0171k\u00f6d\u00f6tt. Na de egy sz\u00e9p szombati napon a jegyirod\u00e1juk is mi\u00e9rt lenne nyitva, a ternitalia-s infopultn\u00e1l azt mondta a cuki l\u00e1ny (kedves olasz, hopp\u00e1!), hogy pr\u00f3b\u00e1ljuk meg majd a vonaton. Olaszorsz\u00e1gban egy\u00e9bk\u00e9nt t\u00f6bb vas\u00fatt\u00e1rsas\u00e1g van, a legnagyobb tal\u00e1n a Trenitalia, ami az \u00e1ltal\u00e1nos m\u00e1v, vannak region\u00e1lis t\u00e1rsas\u00e1gok is, ezekre j\u00f3k a b\u00e9rleteink \u00e1ltal\u00e1ban \u00e9s vannak a fancy-bb t\u00e1rsas\u00e1gok, mint a Frecciarossa meg az Italo, ezekkel is utazhatunk, de kieg\u00e9sz\u00edt\u0151 jegyet sz\u00fcks\u00e9ges venni (5 v 12 EUR), na de annyival t\u00f6bbet nem tudnak egy\u00e9bk\u00e9nt \u00e9s mindig k\u00e9snek, mint az \u00e1llat. Kor\u00e1bban sem utaztunk ezekkel a fentiek miatt. Sz\u00f3val, ha m\u00e1r \u00edgy alakult, akkor hozz\u00e1dobtunk m\u00e9g 15 percet a k\u00e9s\u00e9shez \u00e9s ment\u00fcnk a sima trenit-es vonattal Veron\u00e1ba. A menetid\u0151 szinte ugyanannyi volt, addig meg eln\u00e9zel\u0151dt\u00fcnk.&nbsp;<\/p>\n\n\n\n<p>Verona. Na az sz\u00e1momra valami csoda volt. Ott szinte m\u00e1r ny\u00e1ri id\u0151j\u00e1r\u00e1s fogadott minket, a h\u00e1tizs\u00e1kokat itt beadtuk csomagmeg\u0151rz\u0151be (6 Euro\/db volt, szemben a m\u00fcncheni \u00f6sszesen 3 Euroval, de mindegy) \u00e9s elindultunk. Mag\u00e1val ragadott szinte azonnal a hangulata, az id\u0151j\u00e1r\u00e1s is r\u00e1j\u00e1tszott nyilv\u00e1n, de akkor is. Azt hiszem, hi\u00e1nyzott ez az olasz \u00e9let\u00e9rz\u00e9s. Akik jobban ismernek, tudj\u00e1k, hogy mi a v\u00e9lem\u00e9nyem az olaszokr\u00f3l (bocs, minden kedves olasz ismer\u0151s\u00f6mt\u0151l \u00e9s ismeretlenemt\u0151l is), de az orsz\u00e1guk valami elk\u00e9peszt\u0151. Tetszett a veronai h\u00f6mp\u00f6lyg\u0151 t\u00f6meg, m\u00e9g nem zavart, hogy 2 s\u00e9t\u00e1l\u00f3 olasz egy teljesen \u00fcres \u00fatszakaszt k\u00e9pes elfoglalni teljes sz\u00e9less\u00e9g\u00e9ben \u00e9s az isten\u00e9rt nem mennek arr\u00e9bb. Figyelmetlenek \u00e9s udvariatlanok, meg hangosak. Biztos, ha elm\u00e9sz hozz\u00e1juk vend\u00e9gs\u00e9gbe, akkor a vil\u00e1g (egyik) legodaad\u00f3bb h\u00e1zigazd\u00e1i, de k\u00edv\u00fclr\u0151l l\u00e1tva sz\u00e1momra csak egyszer\u0171en bosszant\u00f3 a leszaroms\u00e1guk. A lazas\u00e1g az persze m\u00e1s, meg a dolce vita, de amikor m\u00e1s emberek k\u00e1r\u00e1ra csin\u00e1lod, az nem ok. Ott vannak pl a franci\u00e1k vagy a csehek, akiknek sz\u00e1momra kimondottan szimpatikus attit\u0171dj\u00fck van, sokan \u0151ket tartj\u00e1k a legbunk\u00f3bb n\u00e9ps\u00e9gnek. R\u00e1tartiak \u00e9s t\u00e1vols\u00e1gtart\u00f3ak, de mindig tisztelettud\u00f3k, \u00e9s ha kedvesen viszonyulsz hozz\u00e1juk, \u0151k is kedvesek \u00e9s seg\u00edt\u0151k\u00e9szek. Ha pedig el\u00e9g elhivatott vagy \u00e9s \u00e9rdekl\u0151dve k\u00f6zel\u00edted meg \u0151ket \u00e9s kiv\u00edvod az elismer\u00e9s\u00fcket, mert igyekszel kiismerni magad a helyi szok\u00e1sokban, felk\u00e9sz\u00fclten m\u00e9sz oda, akkor m\u00e1r egyenesen im\u00e1dnival\u00f3ak. Na az olaszokn\u00e1l ez mindegy, akkor is szarnak r\u00e1d, a nagy vend\u00e9gszeretetet sosem tapasztaltam n\u00e1luk, az \u00e9rdekl\u0151d\u00e9semre \u00e9s pr\u00f3b\u00e1lkoz\u00e1somra mindig a szok\u00e1sos olasz flegmas\u00e1g volt a reakci\u00f3 \u00e9s b\u00e1rmennyire cuki vagy sim\u00e1n l\u00f6knek fel az utc\u00e1n puszt\u00e1n figyelmetlens\u00e9gb\u0151l \ud83d\ude00 J\u00f3 ezt a bejegyz\u00e9st \u00e9ppen a Mil\u00e1n\u00f3-Genova \u00fatvonalon \u00edrtam \u00e9s Mil\u00e1n\u00f3ban nagyon felbosszantottak, meg a harmadik napra fogyott el a t\u00fcrelmem ir\u00e1nyukba.<\/p>\n\n\n\n<p>Visszat\u00e9rve a v\u00e1rosra: viszonylag messze van a vas\u00fat\u00e1llom\u00e1st\u00f3l a belv\u00e1rosa, nagyj\u00e1b\u00f3l 20-25 perces s\u00e9ta \u00e9s a Porta Nuova-n \u00e1thaladva a Piazza Br\u00e1-hoz \u00e9r\u00fcnk, ahol Olaszorsz\u00e1g m\u00e1sodik legnagyobb colosseuma tal\u00e1lhat\u00f3. Onnan kanyargoghatunk az \u00f3v\u00e1ros utc\u00e1in, megn\u00e9zhetj\u00fck J\u00falia h\u00e1z\u00e1t is (ami ugyeb\u00e1r nem az \u00f6v\u00e9, mivel Shakespeare-i \u201ch\u0151sn\u0151\u201d \u2013 sose b\u00edrtam szeg\u00e9ny p\u00e1r\u00e1t, r\u00e1ad\u00e1sul hatalmas t\u00f6meg v\u00e1rakozik, hogy bejusson az udvarra, ahol meg lehet simizni a cicij\u00e9t, de ebb\u0151l is kimaradtam, mert megint a t\u00f6megpszich\u00f3zis ellen vagyok.&nbsp;<\/p>\n\n\n\n<p>Veron\u00e1ban \u00e9rdemes elt\u00f6lteni egy vagy t\u00f6bb napot is ak\u00e1r, sok a l\u00e1tnival\u00f3, a Garda-t\u00f3 is k\u00f6zel van. A mi sz\u00e1ll\u00e1sunk is a Garda-t\u00f3 mellett volt, Peschiera del Gard\u00e1ban, ami 15 perces vonat\u00fat Veron\u00e1b\u00f3l. Nagyon ritk\u00e1n (\u00e9s vagy soha) sz\u00e1llunk meg hostelekben, f\u0151leg akkor, ha van k\u00fcl\u00f6n apartman\/szoba is saj\u00e1t f\u00fcrd\u0151szob\u00e1val, m\u00e1r nem vagyunk az\u00e9rt ennyire lez\u00e1k, meg igaz\u00e1n sosem voltam ahhoz, hogy vadidegenekkel legyek elsz\u00e1ll\u00e1solva k\u00f6z\u00f6s emeletes\u00e1gyas h\u00e1l\u00f3termekben. Most m\u00e1r ink\u00e1bb kipr\u00f3b\u00e1ln\u00e1m, ha 20 lenn\u00e9k, de nem vagyok, \u00fagyhogy nincs hostelez\u00e9s. Egyik kiv\u00e9tel itt volt, ugyanis ez volt elfogadhat\u00f3 \u00e1r\u00fa \u00e9s k\u00f6zleked\u00e9s szempontj\u00e1b\u00f3l is megfelel\u0151. Maga az \u00e9p\u00fclet sz\u00e9p \u00e9s modern, j\u00f3 a design, j\u00f3fejek a recepci\u00f3sok, \u00e9s bejelentkez\u00e9sn\u00e9l kider\u00fclt, hogy adtak ink\u00e1bb nek\u00fcnk egy 8 \u00e1gyas h\u00e1l\u00f3termet, ahol szint\u00e9n csak mi lesz\u00fcnk, \u00e9s van hozz\u00e1 terasz is. H\u00e1t k\u00f6szi &#x263a; k\u00e9nyelmes volt \u00e9s tiszta. Sajnos a konyh\u00e1t csak 7.30-t\u00f3l lehetett haszn\u00e1lni, \u00fagyhogy este gy\u00e1rtottam szendvicseket, miut\u00e1n megn\u00e9zt\u00fck a v\u00e1rosk\u00e1t.&nbsp;<\/p>\n\n\n\n<p>Maga a v\u00e1ros nagyon pici maggal rendelkezik, kanyarg\u00f3s utc\u00e1csk\u00e1kkal, \u00e9s k\u00f6zvetlen\u00fcl a t\u00f3 partj\u00e1n. Gy\u00f6ny\u00f6r\u0171 a Garda-t\u00f3. A v\u00e1ros pedig rendezett, tele vir\u00e1gokkal, \u00e9s v\u00e1rosfal veszi k\u00f6r\u00fcl, ami r\u00e9gen er\u0151dk\u00e9nt funkcion\u00e1lt. K\u00e9t r\u00e9szb\u0151l \u00e1ll, az egyik fallal \u00e9s csatorn\u00e1val k\u00f6r\u00fclvett r\u00e9sze a vetem\u00e9nyeskert volt, a m\u00e1sik pedig maga a v\u00e1roska. S\u00e9t\u00e1ltunk benne egy kicsit, megn\u00e9zt\u00fck a tavat, \u00e9s elindultunk beszerz\u0151 k\u00f6r\u00fatra, azaz kerest\u00fcnk szupermarketet \u00e9s bev\u00e1s\u00e1roltunk, vacsor\u00e1ra, illetve a m\u00e1snapi szendvicsekre. Itt sem kellett sokat k\u00fczdeni az elalv\u00e1ssal, annak ellen\u00e9re sem, hogy k\u00fcl\u00f6n kellett aludnunk, megvolt a napi 15 km feletti teljes\u00edtm\u00e9ny.<\/p>\n\n\n\n<p>Napi teljes\u00edtm\u00e9ny:<\/p>\n\n\n\n<p>vonattal megtett \u00fat: 282 km<\/p>\n\n\n\n<p>gyalog megtett \u00fat:&nbsp;&nbsp;&nbsp;&nbsp;&nbsp; 16,6 km<\/p>\n","protected":false},"excerpt":{"rendered":"<p>2023.04.01. Hajnali 6.49-kor indultunk Innsbruckb\u00f3l tov\u00e1bb, \u00e9s tekintve hogy f\u00e9l \u00f3r\u00e1s s\u00e9t\u00e1ra volt a vas\u00fat\u00e1llom\u00e1s, \u00edgy nagyon korai kel\u00e9s volt. K\u00e1v\u00e9 sem volt igaz\u00e1n, reggeli ugyeb\u00e1r csak 7.30-t\u00f3l. A szob\u00e1ba volt bek\u00e9sz\u00edtve valami cappuccino por, azzal \u00e1ltattuk magunkat, azt\u00e1n az \u00e1llom\u00e1son szerezt\u00fcnk k\u00e1v\u00e9t. Brennero-Brennerbe, azaz az osztr\u00e1k-olasz hat\u00e1rra pontosan \u00e9rkezt\u00fcnk, h\u00f3sz\u00e1lling\u00f3z\u00e1sban. Ott \u00e1t kell sz\u00e1llni [&hellip;]<\/p>\n","protected":false},"author":1,"featured_media":0,"comment_status":"open","ping_status":"open","sticky":false,"template":"","format":"standard","meta":{"footnotes":""},"categories":[1],"tags":[],"class_list":["post-763","post","type-post","status-publish","format-standard","hentry","category-uncategorized"],"_links":{"self":[{"href":"https:\/\/vilagjegy.hu\/index.php?rest_route=\/wp\/v2\/posts\/763","targetHints":{"allow":["GET"]}}],"collection":[{"href":"https:\/\/vilagjegy.hu\/index.php?rest_route=\/wp\/v2\/posts"}],"about":[{"href":"https:\/\/vilagjegy.hu\/index.php?rest_route=\/wp\/v2\/types\/post"}],"author":[{"embeddable":true,"href":"https:\/\/vilagjegy.hu\/index.php?rest_route=\/wp\/v2\/users\/1"}],"replies":[{"embeddable":true,"href":"https:\/\/vilagjegy.hu\/index.php?rest_route=%2Fwp%2Fv2%2Fcomments&post=763"}],"version-history":[{"count":1,"href":"https:\/\/vilagjegy.hu\/index.php?rest_route=\/wp\/v2\/posts\/763\/revisions"}],"predecessor-version":[{"id":764,"href":"https:\/\/vilagjegy.hu\/index.php?rest_route=\/wp\/v2\/posts\/763\/revisions\/764"}],"wp:attachment":[{"href":"https:\/\/vilagjegy.hu\/index.php?rest_route=%2Fwp%2Fv2%2Fmedia&parent=763"}],"wp:term":[{"taxonomy":"category","embeddable":true,"href":"https:\/\/vilagjegy.hu\/index.php?rest_route=%2Fwp%2Fv2%2Fcategories&post=763"},{"taxonomy":"post_tag","embeddable":true,"href":"https:\/\/vilagjegy.hu\/index.php?rest_route=%2Fwp%2Fv2%2Ftags&post=763"}],"curies":[{"name":"wp","href":"https:\/\/api.w.org\/{rel}","templated":true}]}}