{"id":765,"date":"2023-08-23T10:13:04","date_gmt":"2023-08-23T10:13:04","guid":{"rendered":"https:\/\/vilagjegy.hu\/?p=765"},"modified":"2023-08-23T10:13:04","modified_gmt":"2023-08-23T10:13:04","slug":"4-nap-peschiera-del-garda-sirmione-brescia-bergamo","status":"publish","type":"post","link":"https:\/\/vilagjegy.hu\/?p=765","title":{"rendered":"4. nap \u2013 Peschiera-del-Garda \u2013 Sirmione \u2013 Brescia \u2013 Bergamo"},"content":{"rendered":"\n<p>2023.04.02.<\/p>\n\n\n\n<p>Peschier\u00e1b\u00f3l busszal tudtunk \u00e1tmenni a k\u00f6zeli Sirmion\u00e9ba, amit a Garda-t\u00f3 legszebb telep\u00fcl\u00e9s\u00e9nek tartanak. A csomagjainkat ott tudtuk hagyni a hostel csomagmeg\u0151rz\u0151j\u00e9ben \u00e9s m\u00e9g k\u00e1v\u00e9hoz is jutottunk a hostel b\u00e1rj\u00e1ban.&nbsp;<\/p>\n\n\n\n<p>A buszra el\u00e9g egyszer\u0171 volt jegyet venni \u00e9s megtal\u00e1lni a meg\u00e1ll\u00f3t. Az Arriv\u00e1nak remek appja van. Csakogy valami pozit\u00edvumot is mondjak az olasz k\u00f6zleked\u00e9sr\u0151l \ud83d\ude00 A 7.53-as busszal ment\u00fcnk \u00e1t teh\u00e1t Sirmion\u00e9ba, \u00e9s \u2013 val\u00f3sz\u00edn\u0171leg a \u201chajnali\u201d indul\u00e1s miatt&nbsp; &#8211; a busz szinte pontosan \u00e9rkezett. B\u0151 negyed \u00f3ra alatt \u00e9rkezt\u00fcnk meg \u00e9s a belv\u00e1ros kapuj\u00e1ban tett le. Sirmione nagyon sz\u00e9p, az eg\u00e9sz v\u00e1roska, nem csak a belv\u00e1rosi r\u00e9sz, mindenhol rengeteg vir\u00e1g (im\u00e1dom a tulip\u00e1nokat). Az er\u0151dje \u00e9s a fallal k\u00f6r\u00fclvett kik\u00f6t\u0151je nagyon l\u00e1tv\u00e1nyos, m\u00e1r a bel\u00e9p\u00e9sn\u00e9l. \u0150szint\u00e9n sz\u00f3lva, itt tal\u00e1n egy kicsit t\u00falv\u00e1rakoztuk magunkat, elmond\u00e1s \u00e9s k\u00e9pek alapj\u00e1n \u00e9n valamif\u00e9le dubrovniki hat\u00e1st v\u00e1rtam, de semmik\u00e9pp nem mondan\u00e1m csal\u00f3d\u00e1snak. T\u00e9nyleg par\u00e1d\u00e9s v\u00e1roska. Az \u00f3v\u00e1rosa az \u00e1ltalam im\u00e1dott kacskaring\u00f3s-l\u00e9pcs\u0151s sik\u00e1toros, \u00e9s sok sz\u00e9p villa\u00e9p\u00fclet, park, z\u00f6ldter\u00fclet is van, \u00e1ll\u00edt\u00f3lag szuperek a strandok is. A r\u00f3mai kori r\u00e9sze is nagyon l\u00e1tv\u00e1nyos k\u00e9pek alapj\u00e1n, de vas\u00e1rnap csak 14.00 \u00f3r\u00e1t\u00f3l l\u00e1togathat\u00f3. P\u00e1r \u00f3r\u00e1s s\u00e9ta, parkban reggeliz\u00e9s, kacs\u00e1kkal haverkod\u00e1s ut\u00e1n indultunk vissza a buszhoz. Ami j\u00f6tt is, majdnem pontosan a ki\u00edr\u00e1s szerint. Valamit mondott olaszul a b\u00e1csi, de abban maradtunk, hogy Peschier\u00e1ba megy. Val\u00f3ban, csak nem \u0151. P\u00e1r meg\u00e1ll\u00f3 ut\u00e1n lesz\u00e1ll\u00edtott mindenkit \u00e9s az ott v\u00e1rakoz\u00f3 buszra kellett \u00e1t\u00fcln\u00fcnk. Az a b\u00e1csi pedig t\u00e9nyleg Peschiera fel\u00e9 ment, csak valamelyik v\u00e1rossz\u00e9li meg\u00e1ll\u00f3n\u00e1l k\u00f6z\u00f6lte, hogy \u201cPeschiera only stop\u201d \ud83d\ude00 h\u00e1t j\u00f3, lesz\u00e1lltunk. Csak egy m\u00e1sf\u00e9l km-vel arr\u00e9bb tett le. Eddig ezekb\u0151l a \u201cmajd \u00e9n tudom, meddig megyek, nem a menetrend\u201d t\u00edpus\u00fa olasz buszoz\u00e1sokb\u00f3l a \u201clegjobb\u201d a Salerno- Pompei volt, ahol szint\u00e9n lerakta az utasokat a sof\u0151r egy tetsz\u0151leges helyen, ami b\u00e1rmely bej\u00e1rat\u00e1t\u00f3l minimum 2 km-re volt, az csak az\u00e9rt volt m\u00e9g kellemetlenebb, mert 33 fok volt 80%-os p\u00e1ratartalommal..<\/p>\n\n\n\n<p>A k\u00f6vetkez\u0151 \u00e1llom\u00e1sunk \u00e9s sz\u00e1ll\u00e1shely\u00fcnk Bergamo volt. Bresci\u00e1ban mindenk\u00e9ppen \u00e1t kellett sz\u00e1llnunk, tervezt\u00fcnk oda is egy v\u00e1rosn\u00e9z\u00e9st, de azt\u00e1n azt elvetett\u00fck, majd az \u00fat k\u00f6zben m\u00e9gis \u00fagy d\u00f6nt\u00f6tt\u00fcnk, hogy megn\u00e9zz\u00fck. Nem volt hiba. A vas\u00fat itt is nagyon messze van a belv\u00e1rost\u00f3l \u00e9s h\u00e1tizs\u00e1kkal meg m\u00e9g nehezebb, de bes\u00e9t\u00e1ltunk. M\u00e1r az indul\u00e1sn\u00e1l \u00e9reztem, hogy ehhez nekem most nagyon nincs kedvem. Szenvedtem. Meleg is van, h\u00faz a h\u00e1tizs\u00e1k, baromira f\u00e1j a bok\u00e1m m\u00e1r, meg a h\u00e1tam meg a minden, sz\u00f3val behisztiztem. Az egyik f\u0151bb t\u00e9rre \u00e9rve, ahol \u00e9ppen nagy buli volt, a golfot n\u00e9pszer\u0171s\u00edtett\u00e9k \u00e9s minigolfp\u00e1ly\u00e1t \u00e1ll\u00edtottak fel, na ott le\u00fcltem egy l\u00e9pcs\u0151re \u00e9s k\u00f6z\u00f6ltem Henrikkel, hogy \u00e9n nem megyek innen sehova, de \u0151 n\u00e9zze meg a v\u00e1rost. Am\u00edg \u0151 felfedez\u0151 k\u00f6r\u00fatra indult, addig \u00e9n vigy\u00e1ztam a h\u00e1tizs\u00e1kokra \u00e9s n\u00e9ztem a naps\u00fct\u00e9sben az embereket, sz\u00e9p vas\u00e1rnap volt. Vir\u00e1gvas\u00e1rnap, ami a kereszt\u00e9ny kult\u00far\u00e1ban jelent\u0151s nap, \u00edgy sz\u00e9pen fel\u00f6lt\u00f6zve, szentelt olajfa\u00e1gakkal j\u00f6ttek-mentek a templomba j\u00e1r\u00f3 n\u00e9pek.&nbsp;<\/p>\n\n\n\n<p>A v\u00e1roska pedig szint\u00e9n az a hangulatos fajta, amit \u00e9rdemes megn\u00e9zni. Ha Magyarorsz\u00e1gon lenne, bizony\u00e1ra ez volna az egyik f\u0151 attrakci\u00f3, de itt elt\u00f6rp\u00fcl a t\u00f6bbi k\u00f6z\u00f6tt, pedig \u00e9rdemes egy kis id\u0151t sz\u00e1nni r\u00e1. \u00c9s ezt nem csak Henrikt\u0151l tudom, hanem \u00e9n is futottam egy k\u00f6rt, miut\u00e1n visszat\u00e9rt, \u00e9n meg kif\u00fajtam magam.<\/p>\n\n\n\n<p>Bergamoba a tervekhez k\u00e9pest eg\u00e9szen kor\u00e1n \u00e9rkezt\u00fcnk, siker\u00fclt \u00e1tszervezni \u00fagy ezt a napot a kor\u00e1bban tervezetthez k\u00e9pest, hogy nyert\u00fcnk 3 \u00f3r\u00e1t, amit erre a csod\u00e1s v\u00e1rosra tudtunk ford\u00edtani. Mint megtudtam, a fapados mil\u00e1n\u00f3i j\u00e1ratok a bergamoi rept\u00e9rre \u00e9rkeznek (nem voltam m\u00e9g Mil\u00e1n\u00f3ban \u00e9s nem is v\u00e1gyom oda, de err\u0151l majd k\u00e9s\u0151bb) m\u00e9gis kimarad sokaknak. Pedig milyen k\u00e1r lenne kihagyni! Als\u00f3- \u00e9s fels\u0151v\u00e1rosi r\u00e9szb\u0151l \u00e1ll, a fels\u0151 v\u00e1ros az \u00f3v\u00e1rosa \u00e9s a kett\u0151t sikl\u00f3 k\u00f6ti \u00f6ssze, aki erre j\u00e1r, mindenk\u00e9ppen menjen fel, mert az a m\u00e9g hangulatosabb r\u00e9sz \u00e9s a sikl\u00f3 gyakran j\u00e1r \u00e9s gyors, olcs\u00f3 (1,6 Eur) csak a t\u00f6meget kell elviselni, Itt is nagy volt a t\u00f6meg, el\u00e9g nagyv\u00e1ros, modern r\u00e9sszel, t\u00f6megk\u00f6zleked\u00e9ssel, sug\u00e1rutakkal, de nagyon sok a turista is. M\u00e1r d\u00e9lut\u00e1n 3-kor el\u00e9g sokan voltak, de igaz\u00e1n az olaszokn\u00e1l megszokott m\u00f3don 6 ut\u00e1n kezdenek \u00f6z\u00f6nleni mindenfel\u0151l. Nekem tetszett it is a ny\u00fczsg\u00e9s. \u00c9s mindkett\u0151nknek az eg\u00e9sz v\u00e1ros \u00fagy, ahogy van. Az els\u0151 sz\u00e1ll\u00e1sbakit is itt tudtam \u00f6sszehozni. A sz\u00e1ll\u00e1ssal minden rendben volt, ugyan 2,2 km-re a vas\u00fatt\u00f3l, de ez sem az olcs\u00f3 sz\u00e1ll\u00e1shelyeir\u0151l lesz h\u00edres, nagyon szuper industrial berendez\u00e9se volt \u00e9s v\u00e9gre volt bek\u00e9sz\u00edtve nespresso automata (eleve ebbe val\u00f3 kapszul\u00e1t hoztunk, mert a legt\u00f6bb helyen ez van), kapszul\u00e1t is adtak, volt vizforral\u00f3 is \u00e9s szuper te\u00e1kat adtak hozz\u00e1. Apr\u00f3 \u00f6r\u00f6m\u00f6k m\u00e9g pluszban.&nbsp;<\/p>\n\n\n\n<p>Na de a mal\u0151r\u00f6m: nagyr\u00e9szt bookingon foglaltam a sz\u00e1ll\u00e1sokat, mert annyira pro felhaszn\u00e1l\u00f3 vagyok, hogy olcs\u00f3bban tudtam foglalni, szinte mindegyikn\u00e9l, mint az adott sz\u00e1ll\u00e1s saj\u00e1t oldal\u00e1n (ahol jobb volt, ott cser\u00e9ltem nyilv\u00e1n). Szeretem, hogy a covid alatt annyira rettegett mindenki a szem\u00e9lyes kontakt\u00f3l, hogy r\u00e1j\u00f6ttek, am\u00fagy is felesleges, \u00edgy a check-in-ek gyakran online t\u00f6rt\u00e9nnek \u00e9s k\u00f3ddal jutunk be a lefoglalt helyre. Enn\u00e9l a sz\u00e1ll\u00e1sn\u00e1l a vikey rendszeren kereszt\u00fcl ment a bejelentkez\u00e9s \u00e9s a bejut\u00e1s is, az appal nyitottam az ajt\u00f3kat is. B\u0151 f\u00e9l \u00f3r\u00e1nk ment el az ajt\u00f3 keres\u00e9ssel. Az \u00e9p\u00fcletbe bejutottunk, a recepci\u00f3n nem volt senki \u00e9s 3-as szob\u00e1t nem tal\u00e1ltunk, csak 103-at. De annak az ajtaja meg nem ny\u00edlt. Sz\u00e1mk\u00f3dos kilincsek voltak, de k\u00f3dot nem kaptunk. Nem \u00e9rtettem. Szerencs\u00e9tlen tulaj m\u00e1r reggel h\u00edvott, mert elfelejtettem becsekkolni, most meg h\u00edvjam fel, hogy bejutni nem tudok. Ciki, de mindegy, \u00edrtam neki ink\u00e1bb egy sms-t. Elk\u00fcldte \u00fajra a sz\u00e1ll\u00e1s c\u00edm\u00e9t (annyira nem volt kommunikat\u00edv telefonba sem, \u00e9s angolul se besz\u00e9lt t\u00fal j\u00f3l, pedig \u00e9n annyira sz\u00e9pen haszn\u00e1ltam az igeid\u0151ket). Na akkor esett le, hogy rossz c\u00edmen vagyunk. Cece and Simo k\u00e9t helysz\u00ednen \u00fczemeltet hotelt, panzi\u00f3t, egym\u00e1st\u00f3l p\u00e1r m\u00e9ter t\u00e1vols\u00e1gra. Na nyilv\u00e1n nem abba vittem magunkat, amelyikbe kellett volna. Pedig az olaszul megk\u00fcld\u00f6tt instrukci\u00f3k is majdnem stimmeltek, illettek erre az \u00e9p\u00fcletre is. V\u00e9g\u00fcl bejutottunk a mi\u00e9nkbe, sim\u00e1n ny\u00edlt a kapu \u00e9s a bej\u00e1rati ajt\u00f3 is az app-al. Ott v\u00e1rt a sz\u00e9p szoba \u00e9s f\u00fcrd\u0151 \u00e9s a k\u00e1v\u00e9.&nbsp;<\/p>\n\n\n\n<p>Amikor majd visszan\u00e9zik a felv\u00e9teleket, biztosan sokat fognak azon a szerencs\u00e9tlen h\u00fclye csajon r\u00f6h\u00f6gni, aki fel s al\u00e1 m\u00e1szk\u00e1l a hotelben \u00e9s cib\u00e1lja az \u00f6sszes ajt\u00f3t. De pakoltam \u00e9n m\u00e1r be bev\u00e1s\u00e1rl\u00e1st m\u00e1s valaki aut\u00f3j\u00e1nak acsomagtarj\u00e1ba, mentem m\u00e1r t\u00e1rgyalni Nagykanizs\u00e1ra Kaposv\u00e1r helyett, igaz\u00e1n belef\u00e9rt ennyi \ud83d\ude00 Bergamo nem csak emiatt lesz eml\u00e9kezetes, de dob rajta majd a k\u00e9s\u0151bbiekben.<\/p>\n\n\n\n<p>Napi teljes\u00edtm\u00e9ny:<\/p>\n\n\n\n<p>vonattal megtett \u00fat: 87 km<\/p>\n\n\n\n<p>gyalog megtett \u00fat:&nbsp;&nbsp;&nbsp;&nbsp;&nbsp; 18,3 km<\/p>\n","protected":false},"excerpt":{"rendered":"<p>2023.04.02. Peschier\u00e1b\u00f3l busszal tudtunk \u00e1tmenni a k\u00f6zeli Sirmion\u00e9ba, amit a Garda-t\u00f3 legszebb telep\u00fcl\u00e9s\u00e9nek tartanak. A csomagjainkat ott tudtuk hagyni a hostel csomagmeg\u0151rz\u0151j\u00e9ben \u00e9s m\u00e9g k\u00e1v\u00e9hoz is jutottunk a hostel b\u00e1rj\u00e1ban.&nbsp; A buszra el\u00e9g egyszer\u0171 volt jegyet venni \u00e9s megtal\u00e1lni a meg\u00e1ll\u00f3t. Az Arriv\u00e1nak remek appja van. Csakogy valami pozit\u00edvumot is mondjak az olasz k\u00f6zleked\u00e9sr\u0151l \ud83d\ude00 [&hellip;]<\/p>\n","protected":false},"author":1,"featured_media":0,"comment_status":"open","ping_status":"open","sticky":false,"template":"","format":"standard","meta":{"footnotes":""},"categories":[1],"tags":[],"class_list":["post-765","post","type-post","status-publish","format-standard","hentry","category-uncategorized"],"_links":{"self":[{"href":"https:\/\/vilagjegy.hu\/index.php?rest_route=\/wp\/v2\/posts\/765","targetHints":{"allow":["GET"]}}],"collection":[{"href":"https:\/\/vilagjegy.hu\/index.php?rest_route=\/wp\/v2\/posts"}],"about":[{"href":"https:\/\/vilagjegy.hu\/index.php?rest_route=\/wp\/v2\/types\/post"}],"author":[{"embeddable":true,"href":"https:\/\/vilagjegy.hu\/index.php?rest_route=\/wp\/v2\/users\/1"}],"replies":[{"embeddable":true,"href":"https:\/\/vilagjegy.hu\/index.php?rest_route=%2Fwp%2Fv2%2Fcomments&post=765"}],"version-history":[{"count":1,"href":"https:\/\/vilagjegy.hu\/index.php?rest_route=\/wp\/v2\/posts\/765\/revisions"}],"predecessor-version":[{"id":766,"href":"https:\/\/vilagjegy.hu\/index.php?rest_route=\/wp\/v2\/posts\/765\/revisions\/766"}],"wp:attachment":[{"href":"https:\/\/vilagjegy.hu\/index.php?rest_route=%2Fwp%2Fv2%2Fmedia&parent=765"}],"wp:term":[{"taxonomy":"category","embeddable":true,"href":"https:\/\/vilagjegy.hu\/index.php?rest_route=%2Fwp%2Fv2%2Fcategories&post=765"},{"taxonomy":"post_tag","embeddable":true,"href":"https:\/\/vilagjegy.hu\/index.php?rest_route=%2Fwp%2Fv2%2Ftags&post=765"}],"curies":[{"name":"wp","href":"https:\/\/api.w.org\/{rel}","templated":true}]}}