{"id":767,"date":"2023-08-23T10:13:56","date_gmt":"2023-08-23T10:13:56","guid":{"rendered":"https:\/\/vilagjegy.hu\/?p=767"},"modified":"2023-08-23T10:13:56","modified_gmt":"2023-08-23T10:13:56","slug":"5-nap-bergamo-lecco-comoi-to-milano-genova","status":"publish","type":"post","link":"https:\/\/vilagjegy.hu\/?p=767","title":{"rendered":"5. nap \u2013 Bergamo \u2013 Lecco (Com\u00f3i t\u00f3) \u2013 Mil\u00e1n\u00f3 \u2013 Genova"},"content":{"rendered":"\n<p>2023.04.03.<\/p>\n\n\n\n<p>Az eredeti tervekhez k\u00e9pest, ezen a napon is vari\u00e1ltunk kicsit. A Com\u00f3i tavat mindenk\u00e9ppen szerett\u00fck volna megl\u00e1togatni, de ekkor csomagokkal nem akartuk \u00e9s eredetileg Mil\u00e1n\u00f3ban tett\u00fck volna le meg\u0151rz\u0151be a csomagot. Az viszont nagyon sok id\u0151t elvitt volna, Bergamob\u00f3l k\u00f6zvetlen\u00fcl megy vonat a t\u00f3 keleti oldal\u00e1ra eg\u00e9sze Varenn\u00e1ig. \u00dagy d\u00f6nt\u00f6tt\u00fcnk, hogy a csomagokat Leccoban hagyjuk, sajnos az \u00e1llom\u00e1son nem volt luggage locker, \u00edgy kin\u00e9ztem egy belv\u00e1rosi luggage storage-t. \u00c9s m\u00e1r itt j\u00f6tt is az els\u0151 probl\u00e9ma, ugyanis ezek bez\u00e1rnak 12.30 \u00e9s 14.30 k\u00f6z\u00f6tt, mi meg pont abban az id\u0151ben \u00e9rt\u00fcnk volna vissza Varenn\u00e1b\u00f3l. Kiv\u00e1rni a nyit\u00e1st meg a Genovai \u00e9rkez\u00e9s\u00fcnket h\u00fazta \u00e1t, \u00edgy maradt nek\u00fcnk Lecco, 9-re \u00e9rt\u00fcnk oda, az id\u0151 csod\u00e1latos volt, a t\u00f3 innen is sz\u00e9p \u00e9s kedves kis v\u00e1roska, van cuki belv\u00e1rosa, bizony\u00e1ra nem ez a legl\u00e1tv\u00e1nyosabb, de a h\u00e1tizs\u00e1kos utaz\u00f3knak most ennyi jutott bel\u0151le, a \u201ck\u00e9nyelem\u201d meg a praktikum ezt dikt\u00e1lta. Reggelizt\u00fcnk a parton egyet \u00e9s indultunk Mil\u00e1n\u00f3ba, a P Garibaldi \u00e1llom\u00e1sra \u00e9rkezett a vonatunk \u00e9s a Centrale \u00e1llom\u00e1sr\u00f3l ment a genovai. Gyalogosan is el\u00e9rhet\u0151 k\u00f6zels\u00e9gben.&nbsp; Az \u00e1ltalam m\u00e9lyen megvetett t\u00falhypeolt (de sz\u00e9p sz\u00f3 :D) Mil\u00e1n\u00f3ban is tervezt\u00fcnk egy k\u00f6r\u00fcln\u00e9z\u00e9st, de azt is kih\u00faztuk. Sok id\u0151t vett volna el, le kellett volna rakni a m\u00e1lh\u00e1kat, \u00e9s nekem 6 eur\u00f3t sem \u00e9r, a megn\u00e9z\u00e9se nemhogy t\u00f6bbet. B\u0151ven el\u00e9g volt a k\u00e9t \u00e1llom\u00e1s k\u00f6z\u00f6tti s\u00e9ta, meg a pof\u00e1tlan cigi k\u00e9reget\u0151 olasz h\u00fclyegyerek, aki nem \u00e9rt a sz\u00f3b\u00f3l (fel is emeltem a hangomat vele, h\u00e1tha abb\u00f3l \u00e9rt a paraszt, de nem, \u00fagyhogy nek\u00fcnk kellett od\u00e9bb\u00e1llni). A Centrale \u00e1llom\u00e1s legal\u00e1bb sz\u00e9p. Lehet, hogy itt a k\u00e9t sz\u00e9p \u00e9p\u00fclet k\u00f6z\u00fcl ez az egyik, a m\u00e1sik meg a D\u00f3m. De egyszer musz\u00e1j lesz megn\u00e9zn\u00fcnk, rem\u00e9lem addigra lecseng ez az indokolatlan felkapotts\u00e1ga, \u00e9rtem sok a Gucci, meg olcs\u00f3 a repjegy, de ott van a csodasz\u00e9p Bergamo, r\u00e1ad\u00e1sul az olcs\u00f3repjegyes is oda visz. Mint szinte minden olasz v\u00e1rosban, ott is csod\u00e1latos \u00fczletek vannak, azokat t\u00e9nyleg im\u00e1dom n\u00e9zegetni, mondjuk a Max Mara a kedvencem, ezt szerencs\u00e9re m\u00e1r annyiszor mondtam, hogy Henrik is tudja, \u00e9s amikor L\u00f3ci \u00f3ri\u00e1s lesz, \u00e9n meg Andi, akkor kapok is csom\u00f3 olyat. Sz\u00f3val Mil\u00e1n\u00f3ba majd egyszer valamikor elmegy\u00fcnk, f\u0151leg a Com\u00f3i t\u00f3 miatt, mert abb\u00f3l mpst igen csek\u00e9ly l\u00e1tv\u00e1ny jutott.<\/p>\n\n\n\n<p>Genov\u00e1ba eg\u00e9szen kor\u00e1n \u00e9rkezt\u00fcnk, a sz\u00e1ll\u00e1sunk a Brignole p\u00e1lyaudvart\u00f3l volt k\u00e9t percre, \u00edgy csom\u00f3 id\u0151nk maradt a v\u00e1rosra. Na az lett az \u00faj kedvenc olasz v\u00e1rosom. El\u0151z\u0151 nap m\u00e9g Verona \u00e9s Bergamo volt, de ez t\u00e9nyleg lepip\u00e1lja \u0151ket. Olyan hangulata van, mint N\u00e1polynak csak sokkal jobb &#x263a; igazi pisiszag\u00fa sik\u00e1toros, kiskoszos, de csod\u00e1latos. Nagyv\u00e1ros, kik\u00f6t\u0151v\u00e1ros, borzaszt\u00f3 rosszakat \u00edrnak a k\u00f6zbiztons\u00e1g\u00e1r\u00f3l, de ebb\u0151l semmit nem lehetett \u00e9szrevenni. Maga a v\u00e1ros nagyon l\u00e1tv\u00e1nyos, az \u00e9p\u00fcletei, az utc\u00e1i, a terei, \u00e9s nem mocskos, nem folyik a szem\u00e9t az utc\u00e1n, csak \u00e9rz\u00e9sre az a kiskoszos. Az \u00f3v\u00e1rosi r\u00e9sz s\u00f6t\u00e9ted\u00e9s ut\u00e1n ki\u00fcr\u00fcl \u00e9s nem is aj\u00e1nlatos oda menni, de d\u00e9lut\u00e1n nagyon j\u00f3t lehet benne s\u00e9t\u00e1lni, tele van szuper \u00fczletekkel, \u00e9p\u00fcletekkel. gazdagok voltak mindig a genovai keresked\u0151k, \u00edgy igaz\u00e1n sz\u00e9p vill\u00e1kat is tudtak felh\u00fazni. Megn\u00e9zt\u00fck Columbus sz\u00fcl\u0151h\u00e1z\u00e1nak maradv\u00e1ny\u00e1t is, sajnos be volt z\u00e1rva (16.00-kor z\u00e1rt), a katedr\u00e1lis viszont l\u00e1togathat\u00f3 \u00e9s impoz\u00e1ns, k\u00edv\u00fclr\u0151l a t\u00f6bb \u00e9p\u00fcleten is megfigyelhet\u0151 feh\u00e9r-fekete cs\u00edkos rom\u00e1n st\u00edlus\u00fa, bel\u00fcl viszont m\u00e1r ezt elnyomja a barokk&nbsp; d\u00edsz\u00edt\u00e9s-<\/p>\n\n\n\n<p>Az andalg\u00e1s \u00e9s \u00e1muldoz\u00e1s ut\u00e1n a szok\u00e1sos bev\u00e1s\u00e1rl\u00e1s k\u00f6vetkezett. A sz\u00e1ll\u00e1sunk most egy eg\u00e9sz apartman volt, j\u00f3l felszerelt konyh\u00e1val \u00edgy v\u00e9gre meleg \u00e9tel lett a vacsora. Mamma past\u00e1ja (ahogy Henrik emlegeti a f\u0151zt\u00f6met \ud83d\ude00 de most csak friss sonk\u00e1s ravioli volt parez\u00e1n sz\u00f3szban sal\u00e1t\u00e1val. Nagyon j\u00f3 esett. Egy\u00e9bk\u00e9nt nem egy gasztrot\u00far\u00e1n vagyunk sajnos. Ennek oka, hogy el\u00e9g sz\u0171k\u00f6s a k\u00f6lts\u00e9gvet\u00e9s\u00fcnk \u00e9s nagyon odafigyel\u00fcnk, mire mennyit k\u00f6lt\u00fcnk, \u00edgy \u00e9tteremben az eg\u00e9sz \u00fat alatt el\u00e9g ritk\u00e1n fogunk enni. Nagyj\u00e1b\u00f3l sz\u00e9nhidr\u00e1t t\u00far\u00e1n vagyunk, mert a szendvicsk\u00e9sz\u00edt\u00e9s \u00e9s a k\u00fcl\u00f6nb\u00f6z\u0151 p\u00e9ks\u00fctem\u00e9ny beszerz\u00e9se a legegyszer\u0171bb, \u00e1rban \u00e9s id\u0151ben is. Gyakran \u00fatk\u00f6zben esz\u00fcnk, ak\u00e1r vonaton is. Est\u00e9nk\u00e9nt is hideget esz\u00fcnk nagyr\u00e9szt, helyi csemeg\u00e9ket meg sal\u00e1t\u00e1kat. Paradicsomot mondjuk minden nap esz\u00fcnk, mert annyira finomak.&nbsp;<\/p>\n\n\n\n<p>Napi teljes\u00edtm\u00e9ny:<\/p>\n\n\n\n<p>vonattal megtett \u00fat: 215 km<\/p>\n\n\n\n<p>gyalog megtett \u00fat:&nbsp;&nbsp;&nbsp;&nbsp;&nbsp; 12,2 km<\/p>\n","protected":false},"excerpt":{"rendered":"<p>2023.04.03. Az eredeti tervekhez k\u00e9pest, ezen a napon is vari\u00e1ltunk kicsit. A Com\u00f3i tavat mindenk\u00e9ppen szerett\u00fck volna megl\u00e1togatni, de ekkor csomagokkal nem akartuk \u00e9s eredetileg Mil\u00e1n\u00f3ban tett\u00fck volna le meg\u0151rz\u0151be a csomagot. Az viszont nagyon sok id\u0151t elvitt volna, Bergamob\u00f3l k\u00f6zvetlen\u00fcl megy vonat a t\u00f3 keleti oldal\u00e1ra eg\u00e9sze Varenn\u00e1ig. \u00dagy d\u00f6nt\u00f6tt\u00fcnk, hogy a csomagokat Leccoban [&hellip;]<\/p>\n","protected":false},"author":1,"featured_media":0,"comment_status":"open","ping_status":"open","sticky":false,"template":"","format":"standard","meta":{"footnotes":""},"categories":[1],"tags":[],"class_list":["post-767","post","type-post","status-publish","format-standard","hentry","category-uncategorized"],"_links":{"self":[{"href":"https:\/\/vilagjegy.hu\/index.php?rest_route=\/wp\/v2\/posts\/767","targetHints":{"allow":["GET"]}}],"collection":[{"href":"https:\/\/vilagjegy.hu\/index.php?rest_route=\/wp\/v2\/posts"}],"about":[{"href":"https:\/\/vilagjegy.hu\/index.php?rest_route=\/wp\/v2\/types\/post"}],"author":[{"embeddable":true,"href":"https:\/\/vilagjegy.hu\/index.php?rest_route=\/wp\/v2\/users\/1"}],"replies":[{"embeddable":true,"href":"https:\/\/vilagjegy.hu\/index.php?rest_route=%2Fwp%2Fv2%2Fcomments&post=767"}],"version-history":[{"count":1,"href":"https:\/\/vilagjegy.hu\/index.php?rest_route=\/wp\/v2\/posts\/767\/revisions"}],"predecessor-version":[{"id":768,"href":"https:\/\/vilagjegy.hu\/index.php?rest_route=\/wp\/v2\/posts\/767\/revisions\/768"}],"wp:attachment":[{"href":"https:\/\/vilagjegy.hu\/index.php?rest_route=%2Fwp%2Fv2%2Fmedia&parent=767"}],"wp:term":[{"taxonomy":"category","embeddable":true,"href":"https:\/\/vilagjegy.hu\/index.php?rest_route=%2Fwp%2Fv2%2Fcategories&post=767"},{"taxonomy":"post_tag","embeddable":true,"href":"https:\/\/vilagjegy.hu\/index.php?rest_route=%2Fwp%2Fv2%2Ftags&post=767"}],"curies":[{"name":"wp","href":"https:\/\/api.w.org\/{rel}","templated":true}]}}