{"id":769,"date":"2023-08-23T10:14:38","date_gmt":"2023-08-23T10:14:38","guid":{"rendered":"https:\/\/vilagjegy.hu\/?p=769"},"modified":"2023-08-23T10:14:38","modified_gmt":"2023-08-23T10:14:38","slug":"6-nap-genova-savona-sanremo-menton","status":"publish","type":"post","link":"https:\/\/vilagjegy.hu\/?p=769","title":{"rendered":"6. nap \u2013 Genova \u2013 Savona \u2013 Sanremo &#8211; Menton"},"content":{"rendered":"\n<p>2023.04.04.<\/p>\n\n\n\n<p>El se hiszem, de utol\u00e9rtem magam. Azt a napot \u00edrom, amelyikn\u00e9l tartunk. Nekem ez is boldogs\u00e1g, pl\u00e1ne Menton, ahol most vagyunk &#x263a;<\/p>\n\n\n\n<p>Az els\u0151 k\u00e9t napban semmi ihletem nem volt m\u00e9g az \u00edr\u00e1shoz, pedig nagyon grafom\u00e1n vagyok, \u00e9s v\u00e1rtam is, hogy legyen egy ennyire j\u00f3 t\u00e9m\u00e1m, mint ez az utaz\u00e1s, de m\u00e9gse j\u00f6tt az ihlet. Na de azt\u00e1n csak elindult.<\/p>\n\n\n\n<p>Genov\u00e1b\u00f3l 8 \u00f3ra k\u00f6r\u00fcl indultunk el, \u00e9s kicsit kapkodni is kellett, mert elfelejtettem, h szendvicseket is kellene gy\u00e1rtani \u00e9s k\u00e9s\u0151bbre \u00e1ll\u00edtottam az \u00e9breszt\u0151t. Ma az a luxus \u00e9rt, hogy \u00be 7-ig aludhattunk volna, de kor\u00e1bban kidobott az \u00e1gy minket, szok\u00e1s szerint, Egy\u00e9bk\u00e9nt egyre kev\u00e9sb\u00e9 f\u00e1j mindenem, a bal bok\u00e1mban l\u00e9v\u0151 f\u00e1jdalom vagy enyh\u00fclt, vagy hozz\u00e1szoktam \u00e9s sim\u00e1n el tudok aludni, a h\u00e1tam-v\u00e1llam sem sajog m\u00e1r annyira, j\u00f3 kondiban lesz\u00fcnk szerintem, mire v\u00e9gz\u00fcnk. Sajnos Henrik nincs ennyire marad\u00e9ktalanul j\u00f3l. M\u00e1r neki is k\u00f6nnyebb minden, de \u0151 eleve er\u0151s, \u00e9s h\u0151sies, viszont a t\u00e9rdei teljesen ki vannak. A m\u0171t\u00f6tt t\u00e9rd\u00e9t kell haszn\u00e1lnia, mert a jobb annyira f\u00e1j &#x2639; aggaszt\u00f3 el\u00e9gg\u00e9, de azt mondja, b\u00edrja \u00e9s \u00e9lvezi \u00edgy is az utaz\u00e1st. Megl\u00e1tjuk..<\/p>\n\n\n\n<p>Az els\u0151 meg\u00e1ll\u00f3nk ma Savona volt. Nem egy t\u00fal felkapott v\u00e1ros, neve ink\u00e1bb onnan lehet ismer\u0151s, hogy a tengerj\u00e1r\u00f3 haj\u00f3utaknak itt is van \u00e1llom\u00e1sa, vagy felsz\u00e1ll\u00f3helye, lesz\u00e1ll\u00f3helye. Az\u00e9rt is v\u00e1lasztottuk, mert&nbsp; m\u00e1sf\u00e9l \u00f3r\u00e1s vonat\u00fatra van Genov\u00e1t\u00f3l. Kicsit messze volt a belv\u00e1ros az \u00e1llom\u00e1st\u00f3l \u00e9s nem volt csomagmeg\u0151rz\u0151, h\u00e1tizs\u00e1kkal meg el\u00e9g lassan haladunk, \u00edgy kev\u00e9s id\u0151nk jutott erre a helyre. Amit l\u00e1ttunk bel\u0151le az sz\u00e9p-sz\u00e9p, de enn\u00e9l sokkal szebbek vannak, sz\u00e9pek az \u00e9p\u00fcletei,de a rehabilit\u00e1lt Mester \u00e9s Tompa utc\u00e1n is l\u00e1tsz ilyeneket, csak itt t\u00f6bb a p\u00e1lmafa. A tengerparti er\u0151dje viszont nagyon j\u00f3l n\u00e9z ki, be is lehet j\u00e1rni \u00e9s sz\u00e9p a kil\u00e1t\u00e1s a gy\u00f6ny\u00f6r\u0171 tengerre. A s\u00e9t\u00e1l\u00f3utc\u00e1ja sz\u00e9les, p\u00e1lmaf\u00e1s, olyan mint egy kis barcelonai La Rambla. A t\u00f6bbi, tal\u00e1n zegzugosabb r\u00e9sz\u00e9re m\u00e1r nem jutott id\u0151nk, mert indultunk tov\u00e1bb Sanremoba.&nbsp;<\/p>\n\n\n\n<p>\u00c9s itt kell megjegyeznem, hogy m\u00e1r megint akkora elmarad\u00e1sban vagyok az \u00edr\u00e1sban, hogy m\u00e1r elkezdett nyomasztani. Annyira meg\u00f6r\u00fcltem, hogy utol\u00e9rem magam, hogy 4 napig egy bet\u0171t le nem \u00edrtam \ud83d\ude00 De akkor most vissza is t\u00e9rek a folytat\u00e1shoz, most m\u00e1r \u00e9ppen a Toulouse-i hotelszob\u00e1b\u00f3l.<\/p>\n\n\n\n<p>Sanremo val\u00f3ban sz\u00e9p, viragos, p\u00e1lmaf\u00e1s, narancsf\u00e1s tengerparti v\u00e1ros. \u0150szint\u00e9n sz\u00f3lva t\u00fal m\u00e9ly nyomokat nem hagyott, de k\u00e9ts\u00e9gtelen\u00fcl nagyon hangulatos, sz\u00e9p a kik\u00f6t\u0151i r\u00e9sze is \u00e9s a tengerpartja. Itt tal\u00e1n t\u00fal v\u00e1rakoztam, amiatt nem estem hanyatt. A legjobban az maradt meg, hogy a vonat a hegy gyomr\u00e1ba \u00e9rkezik \u00e9s j\u00f3 hossz\u00fa gyalogos alag\u00fat vezet ki onnan, a rept\u00e9ren megszokott gyors\u00edt\u00f3 mozg\u00f3 s\u00e1vokkal mindk\u00e9t oldal\u00e1n. Csodaid\u0151nk volt itt is. 1-2 \u00f3r\u00e1t s\u00e9t\u00e1ltunk, k\u00e1v\u00e9ztunk \u00e9s haladtunk tov\u00e1bb.<\/p>\n\n\n\n<p>A k\u00f6vetkez\u0151 \u00e9s aznapra az utols\u00f3 \u00e1llom\u00e1sunk m\u00e1r Franciaorsz\u00e1gban volt, Menton nev\u0171 v\u00e1rosban. Siker\u00fclt itt is az \u00e1llom\u00e1s k\u00f6zel\u00e9ben foglalnom egy hotelben szob\u00e1t, ami a k\u00e9pek alapj\u00e1n csod\u00e1san n\u00e9zett ki, de sajnos a val\u00f3s\u00e1g kicsit elt\u00e9rt ett\u0151l \ud83d\ude00 De el tudtuk foglalni azonnal, megkaptuk el\u0151re a bel\u00e9p\u00e9shez a k\u00f3dot \u00e9s le is tudtunk pakolni. A tulaj itt nagyon figyelmes \u00e9s kedves volt m\u00e1r az el\u0151zetes kommunik\u00e1ci\u00f3 alapj\u00e1n is. Nagyon v\u00e1rtam m\u00e1r Franciaorsz\u00e1got, azt m\u00e1r eml\u00edtettem, hogy nekem igaz\u00e1n szimpatikusak a franci\u00e1k, az orsz\u00e1gukban is j\u00e1rtam p\u00e1rszor (eddig 3 alkalommal), Henrik is j\u00e1rt m\u00e1r itt, \u0151 pont a C\u00f4te d\u2019Azur-\u00f6n, \u00e9n meg P\u00e1rizsban \u00e9s Elz\u00e1szban. A franci\u00e1k ir\u00e1nti szimp\u00e1tia Henrik eset\u00e9ben abszol\u00fat nem mondhat\u00f3 el, \u00e9s nem is hozta l\u00e1zba eddig annyira a francia vid\u00e9k, emiatt k\u00fcl\u00f6n szurkoltam, hogy m\u00e1r az elej\u00e9n j\u00f3 tapasztalataink legyenek. Sejtettem, hogy tetszeni fog mindkett\u0151nknek, \u00e9s be is j\u00f6ttek a meg\u00e9rz\u00e9seim. Menton mindkett\u0151nket levett a l\u00e1bunkr\u00f3l (sz\u00f3 szerint is a sok j\u00e1r\u00e1st\u00f3l haha), elb\u0171v\u00f6l\u0151 \u00e9s csod\u00e1latos telep\u00fcl\u00e9s. Sz\u00ednes, vibr\u00e1l\u00f3 hangulat \u00e9s \u00e9p\u00fcletek, az\u00fark\u00e9k tenger, elk\u00e9peszt\u0151 \u00f3v\u00e1rosi r\u00e9sszel, amiben s\u00e9t\u00e1lva id\u0151utaz\u00e1sban van r\u00e9szed. J\u00f3 sok napot el tudtam volna itt t\u00f6lteni, egyb\u0151l siker\u00fclt beleszeretnem a Francia Rivi\u00e9r\u00e1ba. \u00c9s az emberek is annyira m\u00e1sok, figyelmesek, kedvesek \u00e9s udvariasak. A sz\u00e1ll\u00e1sad\u00f3nk j\u00f3 fej volt, a reggeliztet\u0151 monsieur is cuki volt,p\u00e1r sz\u00f3t besz\u00e9lt csak angolul, de pl seg\u00edtett az au revoir helyes kiejt\u00e9s\u00e9nek gyakorl\u00e1s\u00e1ban is \ud83d\ude00<\/p>\n\n\n\n<p>Menton lett az eddigi utunk abszol\u00fat gy\u0151ztese.<\/p>\n\n\n\n<p>Napi teljes\u00edtm\u00e9ny:<\/p>\n\n\n\n<p>vonattal megtett \u00fat: 148 km<\/p>\n\n\n\n<p>gyalog megtett \u00fat:&nbsp;&nbsp;&nbsp;&nbsp;&nbsp; 14,4 km<\/p>\n","protected":false},"excerpt":{"rendered":"<p>2023.04.04. El se hiszem, de utol\u00e9rtem magam. Azt a napot \u00edrom, amelyikn\u00e9l tartunk. Nekem ez is boldogs\u00e1g, pl\u00e1ne Menton, ahol most vagyunk &#x263a; Az els\u0151 k\u00e9t napban semmi ihletem nem volt m\u00e9g az \u00edr\u00e1shoz, pedig nagyon grafom\u00e1n vagyok, \u00e9s v\u00e1rtam is, hogy legyen egy ennyire j\u00f3 t\u00e9m\u00e1m, mint ez az utaz\u00e1s, de m\u00e9gse j\u00f6tt az [&hellip;]<\/p>\n","protected":false},"author":1,"featured_media":0,"comment_status":"open","ping_status":"open","sticky":false,"template":"","format":"standard","meta":{"footnotes":""},"categories":[1],"tags":[],"class_list":["post-769","post","type-post","status-publish","format-standard","hentry","category-uncategorized"],"_links":{"self":[{"href":"https:\/\/vilagjegy.hu\/index.php?rest_route=\/wp\/v2\/posts\/769","targetHints":{"allow":["GET"]}}],"collection":[{"href":"https:\/\/vilagjegy.hu\/index.php?rest_route=\/wp\/v2\/posts"}],"about":[{"href":"https:\/\/vilagjegy.hu\/index.php?rest_route=\/wp\/v2\/types\/post"}],"author":[{"embeddable":true,"href":"https:\/\/vilagjegy.hu\/index.php?rest_route=\/wp\/v2\/users\/1"}],"replies":[{"embeddable":true,"href":"https:\/\/vilagjegy.hu\/index.php?rest_route=%2Fwp%2Fv2%2Fcomments&post=769"}],"version-history":[{"count":1,"href":"https:\/\/vilagjegy.hu\/index.php?rest_route=\/wp\/v2\/posts\/769\/revisions"}],"predecessor-version":[{"id":770,"href":"https:\/\/vilagjegy.hu\/index.php?rest_route=\/wp\/v2\/posts\/769\/revisions\/770"}],"wp:attachment":[{"href":"https:\/\/vilagjegy.hu\/index.php?rest_route=%2Fwp%2Fv2%2Fmedia&parent=769"}],"wp:term":[{"taxonomy":"category","embeddable":true,"href":"https:\/\/vilagjegy.hu\/index.php?rest_route=%2Fwp%2Fv2%2Fcategories&post=769"},{"taxonomy":"post_tag","embeddable":true,"href":"https:\/\/vilagjegy.hu\/index.php?rest_route=%2Fwp%2Fv2%2Ftags&post=769"}],"curies":[{"name":"wp","href":"https:\/\/api.w.org\/{rel}","templated":true}]}}