{"id":771,"date":"2023-08-23T10:15:23","date_gmt":"2023-08-23T10:15:23","guid":{"rendered":"https:\/\/vilagjegy.hu\/?p=771"},"modified":"2023-08-23T10:15:23","modified_gmt":"2023-08-23T10:15:23","slug":"7-nap-monaco-monte-carlo-villefranche-sur-mer-nizza","status":"publish","type":"post","link":"https:\/\/vilagjegy.hu\/?p=771","title":{"rendered":"7. nap \u2013 Monaco (Monte-Carlo) \u2013 Villefranche-sur-Mer \u2013 Nizza"},"content":{"rendered":"\n<p>2023.04.06.\u00a0<\/p>\n\n\n\n<p>\u00c9s ez egy \u00fajabb csodanap. Ideje lesz valahogy t\u00e1rgyilagosabban \u00edrnom a napi besz\u00e1mol\u00f3kat, mert \u00e9rt\u00e9k\u00e9t vesztik az olyan szavak, mint a csoda, csod\u00e1latos, var\u00e1zslatos, leny\u0171g\u00f6z\u0151. De mit tegyek, ha szinte mindegyik hely az, hol j\u00e1runk..? &#x263a;<\/p>\n\n\n\n<p>Ez a nap is kicsit az improviz\u00e1l\u00e1sr\u00f3l sz\u00f3lt, mert az eredeti \u00fatvonaltervvel ellent\u00e9tben, egyb\u0151l Nizz\u00e1ba ment\u00fcnk \u00e1t Mentonb\u00f3l, ennek az volt a nagyon racion\u00e1lis oka, hogy szabaduljunk meg a m\u00e1lh\u00e1inkt\u00f3l \u00e9s am\u00fagy is ott volt az aznapi sz\u00e1ll\u00e1sunk, \u00e9s el\u00e9g nagy v\u00e1ros ahhoz, hogy tal\u00e1ljunk csomagmeg\u0151rz\u0151t. Sajnos b\u00e1rmennyire j\u00f3fejek a franci\u00e1k, a csomagmeg\u0151rz\u0151kkel nem k\u00e9nyeztetnek el minket (mikor ezt \u00edrom, m\u00e1r a 6. napunkat t\u00f6ltj\u00fck Franciaorsz\u00e1gban), zongora szinte minden nagyobb p\u00e1lyaudvaron van, de luggage locker az nem van. Teh\u00e1t Nizz\u00e1ban pr\u00f3b\u00e1lkoztunk letenni a csomagot, \u00e9s v\u00e9g\u00fcl siker\u00fclt is az aznapi sz\u00e1ll\u00e1sunkon. Ez is egy \u00e1llom\u00e1shoz k\u00f6zeli hotel volt, ahol meg\u0151rz\u0151 ugyan nem volt, de egy r\u00f6gt\u00f6nz\u00f6tt v\u00e1r\u00f3termet kialak\u00edtottak a recepci\u00f3t\u00f3l nem messze, ahol m\u00e1sok is parkoltatt\u00e1k a csomagjaikat. \u00cdgy megk\u00f6nnyebb\u00fclve indultunk vissza Monacoba.<\/p>\n\n\n\n<p>Igazi meglepet\u00e9s volt Monaco illetve Monte-Carlo. Kicsit sznobnak \u00e9s rongyr\u00e1z\u00f3snak k\u00e9pzeltem, de abszol\u00fat szerethet\u0151 \u00e9s egy\u00e1ltal\u00e1n nem feszeng\u0151s. Nem hivalkod\u00f3 az a m\u00e9rhetetlen gazdags\u00e1g, ami ott van. Monte-Carloban s\u00e9t\u00e1lgatva ink\u00e1bb azt \u00e9reztem, hogy ilyen egy j\u00f3l\u00e9ti \u00e1llam, ahol mindent megtesznek az ott \u00e9l\u0151k \u00e9s oda l\u00e1togat\u00f3k k\u00e9nyelm\u00e9\u00e9rt \u00e9s \u00e9lm\u00e9nyei\u00e9rt. Mondanom sem kell, hogy nagyon sz\u00e9p. Henrik j\u00e1rt m\u00e1r itt \u00e9s ink\u00e1bb legyintett r\u00e1, hogy j\u00f3 meg kell n\u00e9zni, de igaz\u00e1n semmis\u00e9g, ehhez k\u00e9pest neki is nagyon pozit\u00edv lett az \u00faj benyom\u00e1s. Monte-Carloban r\u00e1ad\u00e1sul \u00e9ppen k\u00e9sz\u00fcltek az F1 Monaco-i futam\u00e1ra \u00e9s \u00e9p\u00edtett\u00e9k a lel\u00e1t\u00f3t is, \u00edgy extr\u00e1kkal tudtuk teljes\u00edteni a F1 rajong\u00f3 bar\u00e1tunk k\u00e9r\u00e9seit, hogy j\u00e1rjuk be helyette is \u00e9s fot\u00f3zzunk le mindent is (ugye Peti? \ud83d\ude00 )<\/p>\n\n\n\n<p>Sz\u00e1munkra az igazi nagy meglepet\u00e9s azt\u00e1n Monaco Ville lett, fent a dombtet\u0151n, ahol a herceg\u00e9k is laknak. A v\u00e1roska, a kil\u00e1t\u00e1s, a palota, a katedr\u00e1lis, az utc\u00e1csk\u00e1k, a boltok, az eg\u00e9sz: pazar! Aki itt j\u00e1r, mindenk\u00e9ppen menjen fel ide is. Mikor fel\u00e9rt\u00fcnk (gyalog, nyilv\u00e1n) \u00e9ppen az \u0151rs\u00e9gv\u00e1lt\u00e1sra k\u00e9sz\u00fcl\u0151dtek \u00e9s el\u00e9g nagy t\u00f6meg \u00f6sszegy\u0171lt a palota el\u0151tti t\u00e9ren.&nbsp;<\/p>\n\n\n\n<p>Eg\u00e9sz utunkon eddig mindenhol el\u00e9g sok ember volt, nem tudom ny\u00e1ron, f\u0151szezonban mi lehet errefel\u00e9, de olt\u00e1ri boldog vagyok, hogy tavasszal j\u00e1runk erre. Nem tapossuk egym\u00e1st, de az\u00e9rt \u00e9rezhet\u0151 most is, hogy mi t\u00f6megnyomor lehet itt ny\u00e1ron. \u00c9s errefel\u00e9 t\u00e9nyleg figyelmesek \u00e9s illedelmesek az emberek, elengedik egym\u00e1s, nem foglalj\u00e1k el az eg\u00e9sz \u00fattestet, k\u00e9rdeznek, k\u00f6sz\u00f6nnek, nem hangoskodnak. Kiv\u00e9ve a turist\u00e1kat, mint p\u00e9ld\u00e1ul a nagyon kultur\u00e1lt magyar csoport, amelyik Nizza tengerparti s\u00e9t\u00e1ny\u00e1t teljes sz\u00e9less\u00e9g\u00e9ben el tudta foglalni \u00fagy, hogy \u00e1t kelljen verekedned magad rajtuk\u2026<\/p>\n\n\n\n<p>Monacob\u00f3l \u00c9ze-be indultunk tov\u00e1bb, a vonat \u00c9ze-als\u00f3n tesz le \u00e9s \u00c9ze-fels\u0151 a l\u00e1tv\u00e1nyos r\u00e9sz, egy hegyi kisv\u00e1ros, valami csod\u00e1s botanikus kerttel, ahova busszal lehet felmenni. Vagy gyalog. Van egy \u00e1ll\u00edt\u00f3lag nagyon sz\u00e9p t\u00fara\u00fatvonal, gyakorlott t\u00far\u00e1z\u00f3k m\u00e1sf\u00e9l \u00f3ra alatt teljes\u00edthetik, \u00e9s Nietsche-r\u0151l nevezt\u00e9k el, mert a j\u00f3 \u00f6reg is erre m\u00e1szk\u00e1lt. H\u00e1t nem csak Isten, de a l\u00e1bunk is halott, \u00fagyhogy semmi esetre nem v\u00e1llalkoztunk volna a hegyi t\u00far\u00e1ra. V\u00e1rtunk is h\u00e1t 40 percet, \u00e9s meg\u00e9rkezett egy busz, vagyis buszocska, amire fel is tudtunk volna nyomorogni a sok m\u00e1sik sorst\u00e1rsunk mell\u00e9, de ink\u00e1bb elengedt\u00fck. El\u0151t\u00f6rtek a Ravello-i \u00e9s Gubal\u00f3wka-s eml\u00e9keink, amikor azt hitt\u00fck ott fogunk meg\u00f6regedni a hegytet\u0151n, a buszra v\u00e1rva. (Ravello m\u00e9g teljesen rendben is volt, mert les\u00e9t\u00e1ltunk onnan a partra egy sz\u00e9p t\u00fara keret\u00e9ben, 80%-os p\u00e1ratartalomban, de a Gubalowka havas \u00f6lel\u00e9s\u00e9b\u0151l csak annak k\u00f6sz\u00f6nhett\u00fck a menek\u00fcl\u00e9s\u00fcnket, hogy volt el\u0151re kifizetett flixbus jegy\u00fcnk vissza Krakk\u00f3ba \u00e9s \u00edgy 2,5 \u00f3ra v\u00e1rakoz\u00e1s ut\u00e1n megkegyelmeztek nek\u00fcnk \u00e9s felsz\u00e1llhattunk egy kisbuszra \u2013 amit mondjuk az igazi pof\u00e1tlan \u00e9s eln\u00e9z\u00e9st minden norm\u00e1lis prolit\u00f3l, de egy igazi sutyer\u00e1k magyar csal\u00e1d majdnem kereszt\u00fclh\u00fazott \u2013 az olaszokn\u00e1l csak t\u00e9nyleg a magyarok sutty\u00f3bbak \ud83d\ude00 )<\/p>\n\n\n\n<p>\u00cdgy jutottunk el Villefranche-sur-Mer nev\u0171 tengerparti telep\u00fcl\u00e9sre \u00e9s igaz\u00e1n j\u00f3l j\u00e1rtunk. Egy kedves, sz\u00ednes h\u00e1zas olaszos hangulat\u00fa hal\u00e1szfalu, sz\u00e9p term\u00e9szetes \u00f6b\u00f6llel, kik\u00f6t\u0151vel. Sokan voltak m\u00e1r a starndon is, igaz ink\u00e1bb csak napozni, 1-2 elvetem\u00fcl ment csak be \u00faszni.&nbsp;<\/p>\n\n\n\n<p>Ezut\u00e1n visszat\u00e9rt\u00fcnk Nizz\u00e1ba, elfoglaltuk a szob\u00e1nkat. V\u00e9gre egy eg\u00e9szen j\u00f3 hotelt fogtunk ki, k\u00e9nyelmes szob\u00e1val, tiszta is volt (ami sajnos a Menton-ir\u00f3l nem mondhat\u00f3 el) \u00e9s itt is k\u00e9rt\u00fcnk reggelit m\u00e1snapra, hagyom\u00e1nyos francia reggelij\u00fck volt nekik is (petit d\u00e9jeuner: k\u00e1v\u00e9, narancsl\u00e9, bagett, croissant, vaj, lekv\u00e1r, m\u00e9z, nutella), de j\u00f3l esett igaz\u00e1n.<\/p>\n\n\n\n<p>Nizz\u00e1t is a nyakunkba vett\u00fck a lepakol\u00e1s, felfriss\u00fcl\u00e9s ut\u00e1n. T\u00fal sok j\u00f3t nem hallottunk r\u00f3la a bar\u00e1tokt\u00f3l, \u00edgy nagy elv\u00e1r\u00e1saink nem voltak. Val\u00f3sz\u00edn\u0171leg emiatt, \u00e9s a j\u00f3 id\u0151z\u00edt\u00e9s miatt is nagyon pozit\u00edv csal\u00f3d\u00e1s lett mindkett\u0151nknek. Nagyon j\u00f3 az atmoszf\u00e9r\u00e1ja, a l\u00e1tv\u00e1ny is az, ugyan nagyobb v\u00e1ros, de itt is sz\u00e9pek az \u00e9p\u00fcletek, a bev\u00e1s\u00e1rl\u00f3 utc\u00e1k, \u00e9s van \u00f3v\u00e1rosi r\u00e9sze is. Nagyon tetszett a tengerparti s\u00e9t\u00e1ny is, a kis k\u00e9k sz\u00e9keikkel, az eg\u00e9sz annyira d\u00e9lfrancia klis\u00e9, hogy csod\u00e1latos. Az \u00f3v\u00e1rosi r\u00e9szen kapott el minket az es\u0151, amire nem k\u00e9sz\u00fclt\u00fcnk (Innsbruck \u00f3ta nem esett&nbsp; \u00e9s mindenfel\u00e9 par\u00e1d\u00e9s tavasz v\u00e1rt), nem is volt annyira zavar\u00f3, olyan igazi \u00e1prilisi szesz\u00e9lyes id\u0151j\u00e1r\u00e1s. A f\u0151 t\u00e9ren pedig egy koncertbe botlottunk. Az es\u0151 ellen\u00e9re mindenf\u00e9le fed\u00e9s n\u00e9lk\u00fcl nyomta egy n\u00e9pszer\u0171 francia banda az utcazen\u00e9t (Deluxe Band), a k\u00f6zelg\u0151 nizzai nagykoncertj\u00fcket n\u00e9pszer\u0171s\u00edtett\u00e9k \u00e9s olt\u00e1ri j\u00f3 bulit csin\u00e1ltak az es\u0151ben, ugr\u00e1ltunk vel\u00fck mi is. Ez is megkoron\u00e1zta a nizzai tart\u00f3zkod\u00e1sunkat, \u00fagyhogy v\u00e9gk\u00e9pp kedvelt v\u00e1rosunk marad, plusz az p\u00e9ks\u00e9gben a h\u00f6lgy, aki a hajnali k\u00e1v\u00e9nkat adta, am\u00edg v\u00e1rtunk a reggelinkre, \u0151 is az a sz\u00e1momra tipikus francia volt, aki kedves \u00e9s besz\u00e9l hozz\u00e1d franci\u00e1ul, sztorizgat, akkor is, ha nem \u00e9rted, de k\u00e9zzel-l\u00e1bbal, hangs\u00falyokkal el\u0151adj\u00e1k a sztorijukat.&nbsp;<\/p>\n\n\n\n<p>Napi teljes\u00edtm\u00e9ny:<\/p>\n\n\n\n<p>vonattal megtett \u00fat: &nbsp;53 km<\/p>\n\n\n\n<p>gyalog megtett \u00fat:&nbsp;&nbsp;&nbsp;&nbsp;&nbsp; 14,4 km<\/p>\n","protected":false},"excerpt":{"rendered":"<p>2023.04.06.\u00a0 \u00c9s ez egy \u00fajabb csodanap. Ideje lesz valahogy t\u00e1rgyilagosabban \u00edrnom a napi besz\u00e1mol\u00f3kat, mert \u00e9rt\u00e9k\u00e9t vesztik az olyan szavak, mint a csoda, csod\u00e1latos, var\u00e1zslatos, leny\u0171g\u00f6z\u0151. De mit tegyek, ha szinte mindegyik hely az, hol j\u00e1runk..? &#x263a; Ez a nap is kicsit az improviz\u00e1l\u00e1sr\u00f3l sz\u00f3lt, mert az eredeti \u00fatvonaltervvel ellent\u00e9tben, egyb\u0151l Nizz\u00e1ba ment\u00fcnk \u00e1t Mentonb\u00f3l, [&hellip;]<\/p>\n","protected":false},"author":1,"featured_media":0,"comment_status":"open","ping_status":"open","sticky":false,"template":"","format":"standard","meta":{"footnotes":""},"categories":[1],"tags":[],"class_list":["post-771","post","type-post","status-publish","format-standard","hentry","category-uncategorized"],"_links":{"self":[{"href":"https:\/\/vilagjegy.hu\/index.php?rest_route=\/wp\/v2\/posts\/771","targetHints":{"allow":["GET"]}}],"collection":[{"href":"https:\/\/vilagjegy.hu\/index.php?rest_route=\/wp\/v2\/posts"}],"about":[{"href":"https:\/\/vilagjegy.hu\/index.php?rest_route=\/wp\/v2\/types\/post"}],"author":[{"embeddable":true,"href":"https:\/\/vilagjegy.hu\/index.php?rest_route=\/wp\/v2\/users\/1"}],"replies":[{"embeddable":true,"href":"https:\/\/vilagjegy.hu\/index.php?rest_route=%2Fwp%2Fv2%2Fcomments&post=771"}],"version-history":[{"count":1,"href":"https:\/\/vilagjegy.hu\/index.php?rest_route=\/wp\/v2\/posts\/771\/revisions"}],"predecessor-version":[{"id":772,"href":"https:\/\/vilagjegy.hu\/index.php?rest_route=\/wp\/v2\/posts\/771\/revisions\/772"}],"wp:attachment":[{"href":"https:\/\/vilagjegy.hu\/index.php?rest_route=%2Fwp%2Fv2%2Fmedia&parent=771"}],"wp:term":[{"taxonomy":"category","embeddable":true,"href":"https:\/\/vilagjegy.hu\/index.php?rest_route=%2Fwp%2Fv2%2Fcategories&post=771"},{"taxonomy":"post_tag","embeddable":true,"href":"https:\/\/vilagjegy.hu\/index.php?rest_route=%2Fwp%2Fv2%2Ftags&post=771"}],"curies":[{"name":"wp","href":"https:\/\/api.w.org\/{rel}","templated":true}]}}