{"id":775,"date":"2023-08-23T10:16:53","date_gmt":"2023-08-23T10:16:53","guid":{"rendered":"https:\/\/vilagjegy.hu\/?p=775"},"modified":"2023-08-23T10:16:53","modified_gmt":"2023-08-23T10:16:53","slug":"9-nap-les-arcs-draguignan-toulon-marseille-arles-avignon","status":"publish","type":"post","link":"https:\/\/vilagjegy.hu\/?p=775","title":{"rendered":"9. nap \u2013 Les Arcs-Draguignan \u2013 Toulon \u2013 Marseille \u2013 Arles \u2013 Avignon"},"content":{"rendered":"\n<p>2023.04.07.<\/p>\n\n\n\n<p>Nagyon gyorsan elpucoltunk Les Arcs-b\u00f3l. Ezen a napon is t\u00f6bb m\u00f3dos\u00edt\u00e1s t\u00f6rt\u00e9nt, \u00e9s ugyan k\u00e9sei (10 \u00f3ra k\u00f6r\u00fcli) indul\u00e1st tervezt\u00fcnk, de m\u00e1r reggel 7kor elindultunk Toulonba. Nem volt betervezve a megl\u00e1togat\u00e1sa, de ide ment m\u00e1r reggel vonat. Az el\u0151z\u0151 napi sztr\u00e1jknak m\u00e1r nyoma sem volt, \u00e9s Toulon is j\u00f3 v\u00e1laszt\u00e1s volt. Ez az a kev\u00e9s v\u00e1rosok egyike (f\u00e9leg d\u00e9len), amit sz\u00e9tbomb\u00e1ztak a II. vil\u00e1gh\u00e1bor\u00fa alatt. Fontos \u00e9s forgalmas kik\u00f6t\u0151v\u00e1ros. Viszont nagyon sokat tettek az\u00e9rt, hogy vissza\u00e1ll\u00edts\u00e1k a r\u00e9gi pomp\u00e1j\u00e1t, \u00e9s siker\u00fclt is. Sz\u00e9p tiszta terek, sz\u00e9les utc\u00e1k, sz\u00e1zadfordul\u00f3s \u00e9p\u00fcletek. Kicsit p\u00e1rizsias hangulat\u00fa mediterr\u00e1n kik\u00f6t\u0151v\u00e1ros, m\u00e1r er\u0151s province-i hat\u00e1ssal, aminek k\u00f6sz\u00f6nheti a csod\u00e1s piac\u00e1t is. Itt is kellett innunk egy k\u00e1v\u00e9t &#x263a; Majd v\u00e9gigs\u00e9t\u00e1ltunk a sz\u00ednes piacon (Cours Lafayette), ahol eg\u00e9sz utca hosszan, rengeteg gy\u00fcm\u00f6lcs\u00f6s, z\u00f6lds\u00e9ges, sajtos, halas, h\u00fasos, p\u00e9k, k\u00e9zm\u0171ves \u00e1rulja a port\u00e9k\u00e1j\u00e1t. Igaz\u00e1n sz\u00e9p l\u00e1tv\u00e1ny. A kik\u00f6t\u0151je is val\u00f3ban nagyon sz\u00e9p. Sajnos a r\u00e9gi hal\u00e1szfaluba (La Mourillon), ami szint\u00e9n a v\u00e1ros r\u00e9sze, nem maradt id\u0151nk \u00e1tmenni.&nbsp;<\/p>\n\n\n\n<p>Marseille-i \u00e1tsz\u00e1ll\u00e1ssal ment\u00fcnk tov\u00e1bb Arlesba. Sajnos Marseille-t nem volt id\u0151nk megn\u00e9zni, illetve sz\u00e1nd\u00e9kosan nem tervezt\u00fck be, az nem egy f\u00e9lnapos kaland, \u00e9s a tervek k\u00f6z\u00f6tt szerepel majd egy adand\u00f3 alkalommal a Marseille-Lyon vonal \u00e9s Provance r\u00e9szletesebb tanulm\u00e1nyoz\u00e1sa. Arles-ba kora d\u00e9lut\u00e1n \u00e9rkezt\u00fcnk. Mahd valaki megsz\u00e1molhatn\u00e1, h\u00e1nyszor \u00edrom le ezt a sz\u00f3t: cs \u2013o \u2013d \u2013 \u00e1 \u2013 l \u2013a \u2013t \u2013o \u2013 s !!! Nem is tudom hogyan \u00f6ntsem szavakba, azt a hangulatot, l\u00e1tv\u00e1nyt, ami ott fogadott minket. Mesesz\u00e9p \u00e9s elvar\u00e1zsol. \u00d3kori romokban b\u0151velkedik, a g\u00f6r\u00f6g\u00f6k alap\u00edtott\u00e1k, ezt is. A r\u00f3maiak amfite\u00e1truma szinte s\u00e9rtetlen\u00fcl maradt meg, a r\u00f3mai Colosseum mint\u00e1j\u00e1ra \u00e9p\u00fclt \u00e9s ma is haszn\u00e1lj\u00e1k koncertekre Carmague.st\u00edlus\u00fa bikaviadalokra (val\u00f3sz\u00edn\u0171leg erre is pr\u00f3b\u00e1ltak a hangok \u00e9s a backstage alapj\u00e1n). De sz\u00e1mtalan l\u00f3mai lom van m\u00e9g, amit \u00e9rdemes megl\u00e1togatni, mindamellett, hogy a lak\u00f3h\u00e1zak is gy\u00f6ny\u00f6r\u0171ek \u00e9s a kis macskak\u00f6ves utc\u00e1ik. Ottj\u00e1rtunkkor \u00e9ppen fesztiv\u00e1l hangulat uralkodott, olyan, mintha a h\u00fasv\u00e9tra \u00edgy k\u00e9sz\u00fcltek volna, de minden fel volt d\u00edsz\u00edtve, n\u00e9pviseletbe \u00f6lt\u00f6z\u00f6tt emberek m\u00e1szk\u00e1ltak, \u00e9s minden hely tele volt, a van Gogh \u00e1ltal is megfestett t\u00e9ren m\u00e9g dj is volt \u00e9s a t\u00e9r k\u00f6zep\u00e9t is berendezt\u00e9k b\u00e1rpultokkal.&nbsp;<\/p>\n\n\n\n<p>Beker\u00fclt a top 3-ba ez is. Innen Avignonba \u00e9rkezt\u00fcnk, ahol aznapi utunk befejez\u0151d\u00f6tt. Avignonba egy pof\u00e1tlanul olcs\u00f3 sz\u00e1ll\u00e1st siker\u00fclt foglalnom, mag\u00e1nsz\u00e1ll\u00e1s a belv\u00e1ros sz\u00edv\u00e9ben. Tudtuk \u00e9s fel is k\u00e9sz\u00fclt\u00fcnk r\u00e1, hogy nem lesz egy luxussz\u00e1lloda, de nem lehet mindenre felk\u00e9sz\u00fclni. Nem az volt a baj, hogy icipici \u00e9s k\u00e9nyelmetlen, m\u00e9g hangulatos is lett volna, hogy megn\u00e9zhet\u00fcnk bel\u00fclr\u0151l \u00e9s kipr\u00f3b\u00e1lhatunk egy autentikus avignoni lak\u00e1st, de ilyet nem szabad kiadni. A m\u00e1sik \u00e9s legf\u0151bb probl\u00e9ma a tulaj kommunik\u00e1ci\u00f3j\u00e1val volt. Egyszavas v\u00e1laszai voltak max. Pr\u00f3b\u00e1ltam kor\u00e1bban becsekkolni, de csak 3-t\u00f3l lehetett, ok\u00e9, akkor \u00fagy id\u0151z\u00edtett\u00fcnk, \u00e9s meg is \u00edrtam neki, hogy f\u00e9l 4-re ott lesz\u00fcnk, amit vissza is igazolt. Nem v\u00e1rt ott senki. Bujk\u00e1lt a majom. \u00dagy tudom elk\u00e9pzelni, hogy a szemben l\u00e9v\u0151 lak\u00e1sban volt egy szipus hippi p\u00e1r, \u00e9s \u0151k adt\u00e1k ki ezt is. M\u00e1r \u00e9ppen lefoglaltam egy ibis hotelszob\u00e1t \u00e9s k\u00e9sz\u00fcltem h\u00edvni a bookingot, amikor \u00edrt, hogy ready az apartman. Ibis vissza, apartman elfoglal \u00e9s egy \u00e9jszak\u00e1t kih\u00fazunk itt valahogy. Sajnos mindez az \u00e1ltalam nagyon v\u00e1gyott Avignon rov\u00e1s\u00e1ra ment. Megint eg\u00e9sz nap h\u00e1tizs\u00e1kkal m\u00e1szk\u00e1ltunk nagyon le akartunk pakolni \u00e9s igenis az a 30 perc sz\u00e1m\u00edt, pl\u00e1na, ha 3-t\u00f3l be lehet csekkolni, \u00e9s 15.20-t\u00f3l ott kell \u00e1llnod egy l\u00e9pcs\u0151h\u00e1z bej\u00e1rata el\u0151tt. Akkor is, ha mindezt Avignonban teszed. Csod\u00e1latos pedig ez is, csak egym\u00e1s ut\u00e1ni napon j\u00f6tt k\u00e9t olyan szar \u00fcgy a sz\u00e1ll\u00e1sokkal. De lepakoltunk \u00e9s h\u00faztunk v\u00e1rost n\u00e9zni. Nagyon sok l\u00e1tnival\u00f3ja van, csod\u00e1s \u00f3v\u00e1rosa. A vil\u00e1g egyik legr\u00e9gebbi v\u00e1rosainak egyike. A p\u00e1pai palot\u00e1hoz foghat\u00f3 monument\u00e1lis \u00e9p\u00fcletkomplexumot m\u00e9g szerintem nem l\u00e1ttam ( a p\u00e1rizsi b\u00e1rmi is kisebb tuti). Eg\u00e9szen elt\u00f6rp\u00fclsz mellette. Elk\u00e9peszt\u0151, hogyan tudt\u00e1k ezeket felh\u00fazni a 14. sz\u00e1zadban r\u00e1ad\u00e1sul, ha elvesz\u00fcnk bel\u0151le minden borzalmat \u00e9s azt, hogy a kereszt\u00e9ny egyh\u00e1zn\u00e1l mindig volt p\u00e9nz l\u00f3v\u00e9ra, de m\u00e9g ezzel egy\u00fctt is, b\u00e1mulatos emberi teljes\u00edtm\u00e9ny ennek a meg\u00e9p\u00edt\u00e9se. A v\u00e1ros m\u00e1sik jelk\u00e9pe, a Saint-B\u00e9z\u00e9net h\u00edd, szint\u00e9n nagyon l\u00e1tv\u00e1nyos, m\u00e1r csak a fele \u00e1ll ugyan, de l\u00e1togathat\u00f3 ez is. Fontos zar\u00e1ndok\u00fat haladt itt \u00e1t \u00e9s ehhez \u00e9p\u00edtett\u00e9k a 12. sz\u00e1zadban. Avignon is meg\u00e9rne hosszabb tart\u00f3zkod\u00e1st, meg ide\u00e1lis b\u00e1zis&nbsp; a provence-i t\u00far\u00e1khoz, csak sz\u00e1ll\u00e1st kell okosan v\u00e1lasztani &#x263a;<\/p>\n\n\n\n<p>Napi teljes\u00edtm\u00e9ny:<\/p>\n\n\n\n<p>vonattal megtett \u00fat:&nbsp; 220 km<\/p>\n\n\n\n<p>gyalog megtett \u00fat:&nbsp;&nbsp;&nbsp;&nbsp;&nbsp; 15,2 km<\/p>\n","protected":false},"excerpt":{"rendered":"<p>2023.04.07. Nagyon gyorsan elpucoltunk Les Arcs-b\u00f3l. Ezen a napon is t\u00f6bb m\u00f3dos\u00edt\u00e1s t\u00f6rt\u00e9nt, \u00e9s ugyan k\u00e9sei (10 \u00f3ra k\u00f6r\u00fcli) indul\u00e1st tervezt\u00fcnk, de m\u00e1r reggel 7kor elindultunk Toulonba. Nem volt betervezve a megl\u00e1togat\u00e1sa, de ide ment m\u00e1r reggel vonat. Az el\u0151z\u0151 napi sztr\u00e1jknak m\u00e1r nyoma sem volt, \u00e9s Toulon is j\u00f3 v\u00e1laszt\u00e1s volt. Ez az a [&hellip;]<\/p>\n","protected":false},"author":1,"featured_media":0,"comment_status":"open","ping_status":"open","sticky":false,"template":"","format":"standard","meta":{"footnotes":""},"categories":[1],"tags":[],"class_list":["post-775","post","type-post","status-publish","format-standard","hentry","category-uncategorized"],"_links":{"self":[{"href":"https:\/\/vilagjegy.hu\/index.php?rest_route=\/wp\/v2\/posts\/775","targetHints":{"allow":["GET"]}}],"collection":[{"href":"https:\/\/vilagjegy.hu\/index.php?rest_route=\/wp\/v2\/posts"}],"about":[{"href":"https:\/\/vilagjegy.hu\/index.php?rest_route=\/wp\/v2\/types\/post"}],"author":[{"embeddable":true,"href":"https:\/\/vilagjegy.hu\/index.php?rest_route=\/wp\/v2\/users\/1"}],"replies":[{"embeddable":true,"href":"https:\/\/vilagjegy.hu\/index.php?rest_route=%2Fwp%2Fv2%2Fcomments&post=775"}],"version-history":[{"count":1,"href":"https:\/\/vilagjegy.hu\/index.php?rest_route=\/wp\/v2\/posts\/775\/revisions"}],"predecessor-version":[{"id":776,"href":"https:\/\/vilagjegy.hu\/index.php?rest_route=\/wp\/v2\/posts\/775\/revisions\/776"}],"wp:attachment":[{"href":"https:\/\/vilagjegy.hu\/index.php?rest_route=%2Fwp%2Fv2%2Fmedia&parent=775"}],"wp:term":[{"taxonomy":"category","embeddable":true,"href":"https:\/\/vilagjegy.hu\/index.php?rest_route=%2Fwp%2Fv2%2Fcategories&post=775"},{"taxonomy":"post_tag","embeddable":true,"href":"https:\/\/vilagjegy.hu\/index.php?rest_route=%2Fwp%2Fv2%2Ftags&post=775"}],"curies":[{"name":"wp","href":"https:\/\/api.w.org\/{rel}","templated":true}]}}