{"id":777,"date":"2023-08-23T10:17:43","date_gmt":"2023-08-23T10:17:43","guid":{"rendered":"https:\/\/vilagjegy.hu\/?p=777"},"modified":"2023-08-23T10:17:43","modified_gmt":"2023-08-23T10:17:43","slug":"10-nap-avignon-nimes-narbonne","status":"publish","type":"post","link":"https:\/\/vilagjegy.hu\/?p=777","title":{"rendered":"10. nap \u2013 Avignon \u2013 N\u00eemes \u2013 Narbonne"},"content":{"rendered":"\n<p>2023.04.08. <\/p>\n\n\n\n<p>A par\u00e1d\u00e9s avignoni sz\u00e1ll\u00e1sunkat olyan gyorsan hagytuk el, ahogy tudtuk. Eredetileg kicsit k\u00e9s\u0151bb indultuk volna, mert azt tervezt\u00fck, hogy az apartmanban reggeliz\u00fcnk, azt\u00e1n Arlesbe \u00e9s N\u00eemesbe is ezen a napon ment\u00fcnk volna, de sz\u00e9tszedt\u00fck, hogy ne legyen annyira s\u0171r\u0171, \u00edgy N\u00eemes volt a k\u00f6vetkez\u0151 \u00e1llom\u00e1sunk. Sajnos pont a h\u00edres r\u00f3mai v\u00edzvezet\u00e9khez nem tudtunk eljutni, m\u00e9g ugyan busszal lehetett volna, de annyi lehetetlen id\u0151pontokban k\u00f6zlekedik szombatonk\u00e9nt, hogy es\u00e9lytelen volt sz\u00e1munkra. Egy\u00e9bk\u00e9nt eddig el\u00e9g sok v\u00e1ros turisztikai irod\u00e1j\u00e1t megl\u00e1togattuk \u00e9s mindenhol olt\u00e1ri j\u00f3 fejek \u00e9s seg\u00edt\u0151k\u00e9szek, errefel\u00e9 spanyolul is perfektek, az angoljuk sem rossz, el\u00e9g j\u00f3l \u00e9rhet\u0151.&nbsp;<\/p>\n\n\n\n<p>De \u00edgy \u201ccsak\u201d a v\u00e1rost n\u00e9zt\u00fck meg, mi szint\u00e9n tele van \u00f3kori eml\u00e9kkel, a francia R\u00f3m\u00e1nak is nevezik. Csak n\u00e9h\u00e1ny kiemelt p\u00e9lda a l\u00e1tnival\u00f3kb\u00f3l: az amfite\u00e1trum a vil\u00e1gon egyik legjobban fennmaradt, a Maison Carr\u00e9e pedig egy t\u00f6k\u00e9letes \u00e1llapot\u00fa romai kori templom. Kor\u00e1n \u00e9rt\u00fcnk oda, m\u00e9g csak \u00e9bredezett a v\u00e1ros, de m\u00e1r l\u00e1tszott, hogy igazi j\u00f3 hangulat\u00fa, ny\u00fczsg\u0151 hely, sz\u00e1mtalan lehet\u0151s\u00e9ggel.<\/p>\n\n\n\n<p>Petit dejeuner\u00fcnket itt sajnos nem tudtuk a piac mellett elfogyasztani, merthogy nem tal\u00e1ltuk meg\/nem volt aznap, \u00edgy a croissant-k\u00e1v\u00e9 komb\u00f3nkhoz az egyik csod\u00e1s, z\u00f6ld, viragos, p\u00e1lmaf\u00e1s parkot v\u00e1lasztottuk.<\/p>\n\n\n\n<p>A v\u00e9g\u00e1llom\u00e1sunk ezen a napon Narbonne volt. T\u00fal sok besz\u00e1mol\u00f3t nem tal\u00e1ltunk err\u0151l a v\u00e1rosr\u00f3l, igaz\u00e1n mindegyik a sz\u00e9kesegyh\u00e1z\u00e1t eml\u00edti, amelyet a 13. sz\u00e1zad v\u00e9g\u00e9n kezdtek el \u00e9p\u00edteni, azzal a c\u00e9llal, hogy lepip\u00e1lj\u00e1k a p\u00e1rizsi Notre Dame-ot. A megalom\u00e1n keresked\u0151 terv\u00e9t azonban nem siker\u00fclt \u00f6sszehozni, mert nem maradt p\u00e9nz l\u00f3v\u00e9ra. De \u00edgy is siker\u00fclt az ut\u00f3kor sz\u00e1m\u00e1ra egy igaz\u00e1n k\u00fcl\u00f6nleges \u00e9s leny\u0171g\u00f6z\u0151 \u00e9p\u00fcletkomplexumot l\u00e9trehozni, az 55 m\u00e9teres t\u0171zfala a g\u00f3tikus \u00e9p\u00edt\u00e9szet egyik legleny\u0171g\u00f6z\u0151bb eml\u00e9ke. De nem csak emiatt \u00e9rdemes felkeresni ezt a kedves v\u00e1rost. Ugyan nem olyan b\u0171b\u00e1jos az \u00f3v\u00e1rosa, mint sok m\u00e1siknak, kicsit tal\u00e1n lepattantabb is, de k\u00e9ts\u00e9gtelen\u00fcl hangulatos, f\u0151leg a v\u00e1ros k\u00f6zep\u00e9t kereszt\u00fcl szel\u0151 csatorna \u00e9s a partja, ami szerves r\u00e9sze a v\u00e1rosnak. Mindk\u00e9t oldalon \u00e9ttermekkel, k\u00e9zm\u0171ves \u00e9s helyi termel\u0151s v\u00e1s\u00e1rral,&nbsp; valamint itt tal\u00e1lhat\u00f3 a h\u00edres v\u00e1s\u00e1rcsarnoka is, amit mindenk\u00e9ppen l\u00e1tni kell. Itt v\u00e9gre ettem egy quiche-t, ami az egyik kedvenc francia kaj\u00e1m \u00e9s otthon is t\u00f6bbsz\u00f6r k\u00e9sz\u00edtem, k\u00fcl\u00f6nb\u00f6z\u0151 \u00edzekben, de az\u00e9rt az itteni vajas t\u00e9szta az az\u00e9rt na. Nem a Katika-f\u00e9le (azaz \u00e9n) s\u00f3her h\u00e1ziasszony-m\u00f3dra k\u00e9sz\u00fclt vajas t\u00e9szta \ud83d\ude00 Az eny\u00e9m is rohadt finom, a t\u00f6ltel\u00e9kem m\u00e9g jobb (lorraine) is \u00e9s t\u00f6k szer\u00e9ny vagyok.<\/p>\n\n\n\n<p>Narbonne-ban egy nagyon j\u00f3pofa sz\u00e1ll\u00e1sunk volt, a canal partj\u00e1t\u00f3l 10 m\u00e9terre egy \u00f3don \u00e9p\u00fcletben kialak\u00edtott hotel, ami ink\u00e1bb hostelnek felelt meg, nagy k\u00f6z\u00f6s konyh\u00e1val \u00e9s eb\u00e9dl\u0151vel, j\u00f3fej, figyelmes \u00e9s nagyon informat\u00edv h\u00e1zigazd\u00e1val. Az eg\u00e9sz \u00e9p\u00fcletet meghagyt\u00e1k a sz\u00e1zadfordul\u00f3s hangulat\u00e1ban, itt-ott moderniz\u00e1lva, tiszta is volt, de egy r\u00e1ncfelvarr\u00e1snak ideje lenne, mert el\u00e9g av\u00edttos m\u00e1r szeg\u00e9ny. De mindezekkel egy\u00fctt sz\u00e1momra nagyon kis romantikus volt. \u00c9s hatalmas \u00f6r\u00f6m is \u00e9rt, ugyanis volt mos\u00f3g\u00e9p \u00e9s sz\u00e1r\u00edt\u00f3, amit b\u00e1tran haszn\u00e1lhattunk. Miknek tudok \u00f6r\u00fclni.. Voltam is akkora pof\u00e1tlan turista, hogy el is int\u00e9ztem a mos\u00e1st, az \u00f6sszes szennyest kimostam, \u00edgy az eg\u00e9sz \u00fatra megvagyunk megint &#x263a; Kicsit r\u00f6stellem, hogy vissza\u00e9ltem a vend\u00e9gszeretet\u00fckkel, de az ingyen mosoda sokkal jobb a 7 eur\/adag mosod\u00e1n\u00e1l, nem tudom mikor lettem ilyen sp\u00far, de akkor ez a mutatv\u00e1nyom minimum 21 eur\u00f3 volt \ud83d\ude00 R\u00e1ad\u00e1sul a konyh\u00e1t is haszn\u00e1ltuk persze \u00e9s szombat este \u00fajra meleg vacsora volt. Nem is tudom, tal\u00e1n Genov\u00e1ban ett\u00fcnk utolj\u00e1ra meleg \u00e9telt. De ett\u0151l f\u00fcggetlen\u00fcl el\u00e9g j\u00f3kat esz\u00fcnk, j\u00f3 a v\u00e1laszt\u00e9k mindefele \u00e9s eg\u00e9szen v\u00e1ltozatosan tudunk kaj\u00e1lni, eg\u00e9szen sok z\u00f6lds\u00e9get is esz\u00fcnk, aminek k\u00fcl\u00f6n \u00f6r\u00fcl\u00f6k. J\u00f3 az biztos, hogy szendvicset egyik\u00fcnk se fog majd k\u00e9rni j\u00f3 p\u00e1r h\u00e9tig ezt az utaz\u00e1st k\u00f6vet\u0151en, hi\u00e1ba a bagett, finom sajtok, felv\u00e1gottak, z\u00f6lds\u00e9gek.<\/p>\n\n\n\n<p>Napi teljes\u00edtm\u00e9ny:<\/p>\n\n\n\n<p>vonattal megtett \u00fat: &nbsp; km<\/p>\n\n\n\n<p>gyalog megtett \u00fat:&nbsp;&nbsp;&nbsp;&nbsp;&nbsp; km<\/p>\n","protected":false},"excerpt":{"rendered":"<p>2023.04.08. A par\u00e1d\u00e9s avignoni sz\u00e1ll\u00e1sunkat olyan gyorsan hagytuk el, ahogy tudtuk. Eredetileg kicsit k\u00e9s\u0151bb indultuk volna, mert azt tervezt\u00fck, hogy az apartmanban reggeliz\u00fcnk, azt\u00e1n Arlesbe \u00e9s N\u00eemesbe is ezen a napon ment\u00fcnk volna, de sz\u00e9tszedt\u00fck, hogy ne legyen annyira s\u0171r\u0171, \u00edgy N\u00eemes volt a k\u00f6vetkez\u0151 \u00e1llom\u00e1sunk. Sajnos pont a h\u00edres r\u00f3mai v\u00edzvezet\u00e9khez nem tudtunk eljutni, [&hellip;]<\/p>\n","protected":false},"author":1,"featured_media":0,"comment_status":"open","ping_status":"open","sticky":false,"template":"","format":"standard","meta":{"footnotes":""},"categories":[1],"tags":[],"class_list":["post-777","post","type-post","status-publish","format-standard","hentry","category-uncategorized"],"_links":{"self":[{"href":"https:\/\/vilagjegy.hu\/index.php?rest_route=\/wp\/v2\/posts\/777","targetHints":{"allow":["GET"]}}],"collection":[{"href":"https:\/\/vilagjegy.hu\/index.php?rest_route=\/wp\/v2\/posts"}],"about":[{"href":"https:\/\/vilagjegy.hu\/index.php?rest_route=\/wp\/v2\/types\/post"}],"author":[{"embeddable":true,"href":"https:\/\/vilagjegy.hu\/index.php?rest_route=\/wp\/v2\/users\/1"}],"replies":[{"embeddable":true,"href":"https:\/\/vilagjegy.hu\/index.php?rest_route=%2Fwp%2Fv2%2Fcomments&post=777"}],"version-history":[{"count":1,"href":"https:\/\/vilagjegy.hu\/index.php?rest_route=\/wp\/v2\/posts\/777\/revisions"}],"predecessor-version":[{"id":778,"href":"https:\/\/vilagjegy.hu\/index.php?rest_route=\/wp\/v2\/posts\/777\/revisions\/778"}],"wp:attachment":[{"href":"https:\/\/vilagjegy.hu\/index.php?rest_route=%2Fwp%2Fv2%2Fmedia&parent=777"}],"wp:term":[{"taxonomy":"category","embeddable":true,"href":"https:\/\/vilagjegy.hu\/index.php?rest_route=%2Fwp%2Fv2%2Fcategories&post=777"},{"taxonomy":"post_tag","embeddable":true,"href":"https:\/\/vilagjegy.hu\/index.php?rest_route=%2Fwp%2Fv2%2Ftags&post=777"}],"curies":[{"name":"wp","href":"https:\/\/api.w.org\/{rel}","templated":true}]}}