{"id":779,"date":"2023-08-23T10:18:26","date_gmt":"2023-08-23T10:18:26","guid":{"rendered":"https:\/\/vilagjegy.hu\/?p=779"},"modified":"2023-08-23T10:18:26","modified_gmt":"2023-08-23T10:18:26","slug":"11-nap-narbonne-carcassone-toulouse","status":"publish","type":"post","link":"https:\/\/vilagjegy.hu\/?p=779","title":{"rendered":"11. nap \u2013 Narbonne \u2013 Carcassone \u2013 Toulouse"},"content":{"rendered":"\n<p>2023.04.09.<\/p>\n\n\n\n<p>H\u00fasv\u00e9t vas\u00e1rnap Carcassone-ba indultunk, ami Narbonne-t\u00f3l nagyj\u00e1b\u00f3l f\u00e9l \u00f3ra vonat\u00fatra van. Sajnos el\u00e9g kev\u00e9s id\u0151t hagytunk erre a csod\u00e1ra, \u00edgy ut\u00f3lag m\u00e1r tudjuk, de el\u00e9g neh\u00e9z volt \u00f6sszehozni, hogy a b\u00e9rlet\u00fcnkkel kieg\u00e9sz\u00edt\u0151 jegy n\u00e9lk\u00fcl haszn\u00e1lhat\u00f3 j\u00e1rattal jussunk el a 40 percnyi t\u00e1vols\u00e1gra l\u00e9v\u0151 Toulouse-ba azt\u00e1n. Jellemz\u0151en a j\u00e1ratok 90%-\u00e1t haszn\u00e1lhatjuk az interral b\u00e9rleteinkkel minden tov\u00e1bbi kieg\u00e9sz\u00edt\u0151 vagy helyjegy v\u00e1s\u00e1rl\u00e1sa n\u00e9lk\u00fcl Franciaorsz\u00e1gban is. Igaz\u00e1n csak a tgv-re kell k\u00fcl\u00f6n jegy hozz\u00e1 \u00e9s az szinte egys\u00e9gesen 12 Eur\/f\u0151 , t\u00e1vt\u0151l f\u00fcggetlen\u00fcl. A b\u00e9rleteinket egy\u00e9bk\u00e9nt tal\u00e1n Marseille-fel\u00e9 n\u00e9zt\u00e9k meg el\u0151sz\u00f6r, addig nem tal\u00e1lkoztunk kalauzokkal, egy-k\u00e9t nagyon \u00e1llom\u00e1son (pl Nizz\u00e1ban) bel\u00e9ptet\u0151 kapuk voltak, ahol qr-k\u00f3ddal lehet bemenni. Az\u00f3ta, hogy elhagytuk a Provence-C\u020fte-d\u2019Azur vid\u00e9ket, szinte minden j\u00e1raton voltak ellen\u0151r\u00f6k, itt egy\u00e9bk\u00e9nt a szem\u00e9lyi okm\u00e1nyt is k\u00e9rik bemutatni mell\u00e9, ja \u00e9s hal\u00e1l j\u00f3fejek, \u00e9nekelnek, po\u00e9nkodnak, magyar\u00e1znak franci\u00e1ul stb.&nbsp;<\/p>\n\n\n\n<p>Carcassone-ban nagyon le kellett volna tenn\u00fcnk a h\u00e1tizs\u00e1kjainkat, mert a v\u00e1r el\u00e9g magasan van \u00e9s 2,5 km-s s\u00e9ta az \u00e1llom\u00e1st\u00f3l\u2013 igen, itt egy szinte t\u00f6k\u00e9letes \u00e1llapotban fennmaradt k\u00f6z\u00e9pkori er\u0151dv\u00e1ros van, a k\u00f6z\u00e9pkor legnagyobb v\u00e1ra, a vil\u00e1g egyik legh\u00edresebbje \u00e9s t\u00e1rsasj\u00e1t\u00e9k is k\u00e9sz\u00fclt r\u00f3la &#x263a; Amiatt is k\u00fcl\u00f6nleges, mert a 19. sz\u00e1zadra annyira lepusztult, hogy majdnem lebontott\u00e1k, de befoly\u00e1sos emberek k\u00f6zbenj\u00e1r\u00e1s\u00e1ra siker\u00fclt megmenteni \u00e9s az \u00fajj\u00e1\u00e9p\u00edt\u00e9s mellett d\u00f6nt\u00f6ttek, amit ugyanaz az \u00e9p\u00edt\u00e9sz kapott meg, aki a p\u00e1rizsi Notre Dame helyre\u00e1ll\u00edt\u00e1s\u00e1t is v\u00e9gezte \u00e9s nem mellesleg a v\u00e1r nagy rajong\u00f3ja volt. Sz\u00e1momra igaz\u00e1n megind\u00edt\u00f3, hogy a 19 sz\u00e1zadban ilyet siker\u00fclt v\u00e9ghezvinnie az embereknek, megmenteni egy k\u00f6z\u00e9pkori eml\u00e9ket \u00e9s nem \u00faj v\u00e1rosr\u00e9szt felh\u00fazni a k\u00f6veib\u0151l. Itt is van egy\u00e9bk\u00e9nt egy lenti v\u00e1rosr\u00e9sz is, ami szint\u00e9n kedves, j\u00f3 kin\u00e9zet\u0171, \u00e9s a Canal du Midi is \u00e1tszeli, Itt pr\u00f3b\u00e1ltunk csomagmeg\u0151rz\u0151t tal\u00e1lni, a tourist office-ban megint nagyon kedves l\u00e1ny seg\u00edtett, elmondtam a f\u00e1j\u00e1som \u00e9s mondta, hogy v\u00e1rjak egy pillanatot \u00e9s minden magyar\u00e1zat n\u00e9lk\u00fcl elkezdett telefon\u00e1lni. El\u00e9g sok\u00e1ig tartott maga a telefon is, meg az el\u0151ttem l\u00e9v\u0151 spanyol csal\u00e1d is sokat k\u00e9rdezett, de nagyon boldogan tette le a l\u00e1ny a telefont, hogy egy \u00e9tteremben a vas\u00fat mellett letehetj\u00fck \u00e9s \u00f3d\u00e1kat zengett a tulajr\u00f3l, meg a b\u00e1rj\u00e1r\u00f3l. Annyira cukik voltak, hogy m\u00e1r illend\u0151s\u00e9gb\u0151l is musz\u00e1j volt visszamenn\u00fcnk. Csak ott der\u00fclt ki, hogy a cuki b\u00e1csi 5 eur\u00f3t k\u00e9r csomagonk\u00e9nt, nek\u00fcnk meg maradt \u00f6sszesen 1 \u00f3ra 20 perc\u00fcnk felmenni, megn\u00e9zi \u00e9s lej\u00f6nni (az oda\u00fat csak 26 perc), sajnos m\u00e1sik vonat nem ment csak 3 \u00f3ra m\u00falva, illetve csak tgv. \u00cdgy v\u00e9g\u00fcl az \u00e9n h\u00e1timat tett\u00fck le \u00e9s Henrik a h\u0151s serpa bevette m\u00e1lh\u00e1val a v\u00e1rat. \u00c9s persze j\u00f3 meleg is volt aznap is, \u00e9getett a nap, valamint \u00fagy t\u0171nik, hogy a spanyolok is ide j\u00e1rnak h\u00fasv\u00e9tolni, sok gyerekkel \u00e9s kuty\u00e1kkal. A v\u00e1rer\u0151d pedig elk\u00e9peszt\u0151, a fallal k\u00f6r\u00fclvett v\u00e1roska, az utc\u00e1i, \u00e9p\u00fcletei, terei palota, katedr\u00e1lis.. leny\u0171g\u00f6z\u0151. Meg a kil\u00e1t\u00e1s! L\u00e1tni a Pireneusok havas hegyeit. Sajnos a St. Nazaire bazilik\u00e1ba nem tudtunk bemenni, mert \u00e9ppen akkor kezd\u0151d\u00f6tt a h\u00fasv\u00e9ti mise mikor oda\u00e9rt\u00fcnk. A r\u00f3zsaablaka a legr\u00e9gebbi eg\u00e9sz Franciaorsz\u00e1gban. Annyira \u00f6r\u00fcl\u00f6k, hogy eljutottam ide is! Igaz\u00e1n m\u00e9g f\u00e9l \u00f3ra bolyong\u00e1s hi\u00e1nyzott ebb\u0151l, pont amit a csomaggal k\u00ednl\u00f3dtunk, de \u00edgy is nagyszer\u0171 \u00e9lm\u00e9ny \u00e9s \u00f6r\u00f6k eml\u00e9k.&nbsp;<\/p>\n\n\n\n<p>A Toulouse-i vonatot is el\u00e9rt\u00fck \u00e9s meg\u00e9rkezt\u00fcnk kora d\u00e9lut\u00e1n a sz\u00e1ll\u00e1sra, letenni a c\u00f3km\u00f3kot. Ez egy k\u00e9tcsillagos hotel volt, a belv\u00e1rosban, a Capitole k\u00f6zel\u00e9ben \u00e9s k\u00edv\u00fclr\u0151l, valamint a recepci\u00f3 \u00e9s az el\u0151tere alapj\u00e1n \u00edg\u00e9retesnek is t\u0171nt. Sajnos a szoba m\u00e1r nem volt az, ut\u00f3lag j\u00f6ttem r\u00e1, hogy szerintem standard szob\u00e1t kaptunk pedig \u00e9n comfortot foglaltam, de mindegy, a recepci\u00f3s kedves volt, \u00e9s a reggeli is nagyon j\u00f3 volt (kontinent\u00e1lis).&nbsp;<\/p>\n\n\n\n<p>Toulouse nagy v\u00e1ros, a Garonne foly\u00f3 \u00e9s a Canal du Midi tal\u00e1lkoz\u00e1s\u00e1n\u00e1l, a negyedik legnagyobb az orsz\u00e1gban, de nem volt annyira \u00e9rezhet\u0151, igaz j\u00f3form\u00e1n csak a belv\u00e1rosban m\u00e1szk\u00e1ltunk. H\u00edvj\u00e1k r\u00f3zsasz\u00edn \u00e9s v\u00f6r\u00f6s v\u00e1rosnak is az egys\u00e9ges, v\u00f6r\u00f6s t\u00e9gl\u00e1b\u00f3l \u00e9p\u00fclt h\u00e1zai miatt. \u00c9n ink\u00e1bb a v\u00f6r\u00f6s jelz\u0151re szavazok, semmik\u00e9pp nem r\u00f3zsasz\u00edn (lehet csak l\u00e9gi felv\u00e9telekr\u0151l a). K\u00fcl\u00f6nleges egy\u00e9bk\u00e9nt ez az egys\u00e9ges hat\u00e1s, j\u00f3l n\u00e9z ki, de m\u00e9gsem steril. A Capitole t\u00e9r sz\u00e9p \u00e9s hatalmas, a Saint Sernin bazilika pedig leny\u0171g\u00f6z\u0151, rom\u00e1n st\u00edlus\u00fa templom (a rom\u00e1n \u00e9s a g\u00f3tikus \u00e9p\u00edt\u00e9szeti st\u00edlust k\u00fcl\u00f6n\u00f6sen kedveljuk \u00e9s nagyra tartjuk mindketten), a Santiago de Compostel\u00e1ba vezet\u0151 zar\u00e1ndok\u00fat egyik jelent\u0151s \u00e1llom\u00e1sa, b\u00facs\u00faj\u00e1r\u00f3 helye. H\u00fasv\u00e9t r\u00e9v\u00e9n a a boltok nagy r\u00e9sze z\u00e1rva volt, de az \u00e9lelmiszerboltok, cukr\u00e1szd\u00e1k, p\u00e9ks\u00e9gek, \u00e9ttermek, teh\u00e1t az \u00f6sszes vend\u00e9gl\u00e1t\u00f3 hely nyitva \u00e9s t\u00f6mve.<\/p>\n\n\n\n<p>Napi teljes\u00edtm\u00e9ny:<\/p>\n\n\n\n<p>vonattal megtett \u00fat:&nbsp; km<\/p>\n\n\n\n<p>gyalog megtett \u00fat:&nbsp; km<\/p>\n","protected":false},"excerpt":{"rendered":"<p>2023.04.09. H\u00fasv\u00e9t vas\u00e1rnap Carcassone-ba indultunk, ami Narbonne-t\u00f3l nagyj\u00e1b\u00f3l f\u00e9l \u00f3ra vonat\u00fatra van. Sajnos el\u00e9g kev\u00e9s id\u0151t hagytunk erre a csod\u00e1ra, \u00edgy ut\u00f3lag m\u00e1r tudjuk, de el\u00e9g neh\u00e9z volt \u00f6sszehozni, hogy a b\u00e9rlet\u00fcnkkel kieg\u00e9sz\u00edt\u0151 jegy n\u00e9lk\u00fcl haszn\u00e1lhat\u00f3 j\u00e1rattal jussunk el a 40 percnyi t\u00e1vols\u00e1gra l\u00e9v\u0151 Toulouse-ba azt\u00e1n. Jellemz\u0151en a j\u00e1ratok 90%-\u00e1t haszn\u00e1lhatjuk az interral b\u00e9rleteinkkel minden [&hellip;]<\/p>\n","protected":false},"author":1,"featured_media":0,"comment_status":"open","ping_status":"open","sticky":false,"template":"","format":"standard","meta":{"footnotes":""},"categories":[1],"tags":[],"class_list":["post-779","post","type-post","status-publish","format-standard","hentry","category-uncategorized"],"_links":{"self":[{"href":"https:\/\/vilagjegy.hu\/index.php?rest_route=\/wp\/v2\/posts\/779","targetHints":{"allow":["GET"]}}],"collection":[{"href":"https:\/\/vilagjegy.hu\/index.php?rest_route=\/wp\/v2\/posts"}],"about":[{"href":"https:\/\/vilagjegy.hu\/index.php?rest_route=\/wp\/v2\/types\/post"}],"author":[{"embeddable":true,"href":"https:\/\/vilagjegy.hu\/index.php?rest_route=\/wp\/v2\/users\/1"}],"replies":[{"embeddable":true,"href":"https:\/\/vilagjegy.hu\/index.php?rest_route=%2Fwp%2Fv2%2Fcomments&post=779"}],"version-history":[{"count":1,"href":"https:\/\/vilagjegy.hu\/index.php?rest_route=\/wp\/v2\/posts\/779\/revisions"}],"predecessor-version":[{"id":780,"href":"https:\/\/vilagjegy.hu\/index.php?rest_route=\/wp\/v2\/posts\/779\/revisions\/780"}],"wp:attachment":[{"href":"https:\/\/vilagjegy.hu\/index.php?rest_route=%2Fwp%2Fv2%2Fmedia&parent=779"}],"wp:term":[{"taxonomy":"category","embeddable":true,"href":"https:\/\/vilagjegy.hu\/index.php?rest_route=%2Fwp%2Fv2%2Fcategories&post=779"},{"taxonomy":"post_tag","embeddable":true,"href":"https:\/\/vilagjegy.hu\/index.php?rest_route=%2Fwp%2Fv2%2Ftags&post=779"}],"curies":[{"name":"wp","href":"https:\/\/api.w.org\/{rel}","templated":true}]}}