{"id":783,"date":"2023-08-23T10:21:48","date_gmt":"2023-08-23T10:21:48","guid":{"rendered":"https:\/\/vilagjegy.hu\/?p=783"},"modified":"2023-08-23T10:21:48","modified_gmt":"2023-08-23T10:21:48","slug":"13-nap-bordeaux-la-rochelle","status":"publish","type":"post","link":"https:\/\/vilagjegy.hu\/?p=783","title":{"rendered":"13. nap \u2013 Bordeaux \u2013 La Rochelle"},"content":{"rendered":"\n<p>2023.04.11.<\/p>\n\n\n\n<p>Ez a nap is kicsit m\u00e1shogyan alakult a tervezetthez k\u00e9pest. Saintes nev\u0171 v\u00e1ros l\u00e1togat\u00e1sa k\u00f6vetkezett volna Bordeaux ut\u00e1n, de \u00fatk\u00f6zben t\u00f6rt\u00e9nt egy kis baleset. Nem is annyira kicsi. Henrik h\u00e1tizs\u00e1kja ugyanis megadta mag\u00e1t, az egyik v\u00e1llp\u00e1nt als\u00f3 r\u00e9sze kiszakadt a hely\u00e9r\u0151l. M\u00e1r voltak jele annak, hogy nem fogja kib\u00edrni ezt az utaz\u00e1st, de b\u00edztunk m\u00e9g benne. Mindkett\u0151nknek hasonl\u00f3 t\u00edpus\u00fa taktikai h\u00e1tizs\u00e1kot rendelt\u00fcnk, tal\u00e1n annyi, hogy nem ugyanabb\u00f3l a webshopb\u00f3l, de ugyanaz a feltehet\u0151en k\u00ednai gy\u00e1rtm\u00e1ny. Olcs\u00f3 verzi\u00f3, de egy h\u00f3napos \u00e9lettartamra \u00e9s csak erre az \u00fatra tervezt\u00fcnk vel\u00fck. Sz\u00f3val lesz\u00e1lltunk Saintesben, de csomagmeg\u0151rz\u0151 h\u00edj\u00e1n, f\u00e9lig leszakadt h\u00e1tizs\u00e1kkal nem v\u00e1gtunk neki a v\u00e1rosn\u00e9z\u00e9snek, visszasz\u00e1lltunk a k\u00f6vetkez\u0151 vonatra \u00e9s elment\u00fcnk La Rochelle-ig, az aznapi v\u00e9g\u00e1llom\u00e1sunkig, hogy megl\u00e1togassuk a helyi Dechatlont. La Rochelle-t egy\u00e9bk\u00e9nt a feh\u00e9r v\u00e1rosnak nevezik \u00e9s val\u00f3ban, a feh\u00e9r m\u00e9szk\u0151vel bor\u00edtott t\u00e9r a p\u00e1lyaudvar impoz\u00e1ns \u00e9p\u00fclete el\u0151tt vak\u00edtott is rendesen, de siker\u00fclt kitudnom, hogy hol van \u00e9s melyik busz megy a Dechatlonhoz. N\u00e1luk helyi buszt\u00e1rsas\u00e1g van, nem a szok\u00e1sos sncf (mint a vas\u00fat is), itt yelo a neve \u00e9s az appjuk is eg\u00e9szen hasznosnak bizonyult. Laza 10 perc alatt megvolt melyik busz lesz a mi\u00e9nk \u00e9s az is, hogy hol kell lesz\u00e1llni. Eg\u00e9szen r\u00f6vid id\u0151 alatt ki is \u00e9rt\u00fcnk. \u00c9s Henriknek lett egy igaz\u00e1n j\u00f3 \u00e9s strapab\u00edr\u00f3nak t\u0171n\u0151 h\u00e1tizs\u00e1kja, m\u00e9g ott az \u00fczletben \u00e1t is pakoltunk bele \u00e9s indultunk vissza a v\u00e1rosba. A sz\u00e1ll\u00e1st csak 4-t\u0151l lehetett elfoglalni \u00e9s a k\u00fcl\u00f6n\u00fattal egy\u00fctt is maradt m\u00e9g 2 \u00f3r\u00e1nk n\u00e9zel\u0151dni.&nbsp;<\/p>\n\n\n\n<p>La Rochelle az egyik szem\u00e9lyes kedvencem lett, olt\u00e1ri j\u00f3 hangulata van. \u00c9letemben el\u0151sz\u00f6r j\u00e1rtam az Atlanti-\u00f3ce\u00e1n partj\u00e1n (az eur\u00f3pai oldala Henriknek is az els\u0151, \u0151 m\u00e1r t\u00f6bbsz\u00f6r l\u00e1tta USA-b\u00f3l, \u00e9n meg csak \u00e1tintegettem nekik, hogy tudj\u00e1k megyek oda is hamarosan \ud83d\ude00 ). Kedves kik\u00f6t\u0151v\u00e1ros, csodasz\u00e9p tornyokkal, kisebb-nagyobb \u00f6bl\u00f6kkel, \u00e9s sz\u00e9p feh\u00e9r k\u0151\u00e9p\u00fcletekkel. N\u00e9pszer\u0171 turista c\u00e9lpont is, \u00edgy nagy volt a ny\u00fczsi is, ami m\u00e9g dobott a hangulat\u00e1n. Jobbn\u00e1l-jobb ki- \u00e9s be\u00fcl\u0151s helyek, \u00e9s a szinte m\u00e1r szok\u00e1sos roppant ig\u00e9nyes \u00fczletek, tudtunk volna v\u00e1logatni. Itt tisztas\u00e1g is volt, mondjuk \u00fat\u00e9p\u00edt\u00e9s is pont a k\u00f6zponti kapun\u00e1l, szerencs\u00e9re nem vett el sokat az \u00e9lm\u00e9nyb\u0151l. \u00c9s az egyik legjobb sz\u00e1llunk is lett, a Bordeaux-it is fel\u00fclm\u00falta. Egy airbnb-s teljes kislak\u00e1s, szuperj\u00f3 berendez\u00e9ssel.<\/p>\n\n\n\n<p>A v\u00e1rosnak eg\u00e9szen sok l\u00e1tnival\u00f3ja van, de csak b\u00f3kl\u00e1sz\u00e1sra is t\u00f6k\u00e9letes.&nbsp;<\/p>\n\n\n\n<p>Sajnos itt \u00e9rt egy negat\u00edvum is, abszol\u00fat balfasz m\u00f3don elhagytam valahol a kab\u00e1tomat. Ez a k\u00fcls\u0151 kab\u00e1tom volt, ami es\u0151 \u00e9s sz\u00e9l ellen is v\u00e9d \u00e9s enyh\u00e9n b\u00e9lelt is, \u00e9letem kab\u00e1tja volt, nagyon megszerettem. M\u00e9g az utaz\u00e1s el\u0151tt turk\u00e1ltam, nem terveztem, de j\u00f6tt az ihlet, hogy n\u00e9zzek be abba az \u00fczletbe \u00e9s egy csod\u00e1s piros Joules m\u00e1rk\u00e1j\u00fa kab\u00e1t h\u00edvogatott. Kifog\u00e1stalan \u00e1llapot\u00fa \u00e9s roppant m\u00f3d el\u00e9gedett voltam magammal, hogy 30 ezer helyett 5 ezer alatt megszereztem a t\u00f6k\u00e9letes kab\u00e1tot. A kab\u00e1t hi\u00e1nya csak m\u00e1snap reggel t\u0171nt fel, \u00fagyhogy a reggeli k\u00e1v\u00e9 ut\u00e1n \u00fajra v\u00e9gigj\u00e1rhattuk a v\u00e1rost is. Akkor is csodasz\u00e9p volt, de kev\u00e9sb\u00e9 tudtam \u00e9lvezni, mert szomorkodtam.&nbsp;<\/p>\n\n\n\n<p>Napi teljes\u00edtm\u00e9ny:<\/p>\n\n\n\n<p>vonattal megtett \u00fat:&nbsp; 172 km<\/p>\n\n\n\n<p>gyalog megtett \u00fat:&nbsp;&nbsp;&nbsp;&nbsp;&nbsp; 11,1 km<\/p>\n","protected":false},"excerpt":{"rendered":"<p>2023.04.11. Ez a nap is kicsit m\u00e1shogyan alakult a tervezetthez k\u00e9pest. Saintes nev\u0171 v\u00e1ros l\u00e1togat\u00e1sa k\u00f6vetkezett volna Bordeaux ut\u00e1n, de \u00fatk\u00f6zben t\u00f6rt\u00e9nt egy kis baleset. Nem is annyira kicsi. Henrik h\u00e1tizs\u00e1kja ugyanis megadta mag\u00e1t, az egyik v\u00e1llp\u00e1nt als\u00f3 r\u00e9sze kiszakadt a hely\u00e9r\u0151l. M\u00e1r voltak jele annak, hogy nem fogja kib\u00edrni ezt az utaz\u00e1st, de b\u00edztunk [&hellip;]<\/p>\n","protected":false},"author":1,"featured_media":0,"comment_status":"open","ping_status":"open","sticky":false,"template":"","format":"standard","meta":{"footnotes":""},"categories":[1],"tags":[],"class_list":["post-783","post","type-post","status-publish","format-standard","hentry","category-uncategorized"],"_links":{"self":[{"href":"https:\/\/vilagjegy.hu\/index.php?rest_route=\/wp\/v2\/posts\/783","targetHints":{"allow":["GET"]}}],"collection":[{"href":"https:\/\/vilagjegy.hu\/index.php?rest_route=\/wp\/v2\/posts"}],"about":[{"href":"https:\/\/vilagjegy.hu\/index.php?rest_route=\/wp\/v2\/types\/post"}],"author":[{"embeddable":true,"href":"https:\/\/vilagjegy.hu\/index.php?rest_route=\/wp\/v2\/users\/1"}],"replies":[{"embeddable":true,"href":"https:\/\/vilagjegy.hu\/index.php?rest_route=%2Fwp%2Fv2%2Fcomments&post=783"}],"version-history":[{"count":1,"href":"https:\/\/vilagjegy.hu\/index.php?rest_route=\/wp\/v2\/posts\/783\/revisions"}],"predecessor-version":[{"id":784,"href":"https:\/\/vilagjegy.hu\/index.php?rest_route=\/wp\/v2\/posts\/783\/revisions\/784"}],"wp:attachment":[{"href":"https:\/\/vilagjegy.hu\/index.php?rest_route=%2Fwp%2Fv2%2Fmedia&parent=783"}],"wp:term":[{"taxonomy":"category","embeddable":true,"href":"https:\/\/vilagjegy.hu\/index.php?rest_route=%2Fwp%2Fv2%2Fcategories&post=783"},{"taxonomy":"post_tag","embeddable":true,"href":"https:\/\/vilagjegy.hu\/index.php?rest_route=%2Fwp%2Fv2%2Ftags&post=783"}],"curies":[{"name":"wp","href":"https:\/\/api.w.org\/{rel}","templated":true}]}}